{"id":18438,"date":"2025-03-23T13:15:48","date_gmt":"2025-03-23T12:15:48","guid":{"rendered":"http:\/\/parafia.niepokalanow.pl\/?p=18438"},"modified":"2025-03-23T19:48:08","modified_gmt":"2025-03-23T18:48:08","slug":"ogloszenia-duszpasterskie-3-niedziela-wielkiego-postu-23-marca-2025","status":"publish","type":"post","link":"https:\/\/parafia.niepokalanow.pl\/?p=18438","title":{"rendered":"Og\u0142oszenia duszpasterskie 3 Niedziela Wielkiego Postu 23 marca 2025"},"content":{"rendered":"<p>&nbsp;<\/p>\n<hr \/>\n<ol>\n<li dir=\"ltr\" style=\"line-height: 1.2; text-align: justify;\" role=\"presentation\"><span style=\"font-size: 12.5pt; color: #000000; background-color: transparent; font-weight: 400; font-variant-numeric: normal; font-variant-east-asian: normal; font-variant-alternates: normal; font-variant-position: normal; vertical-align: baseline; text-wrap: wrap;\">Zach\u0119camy do uczestnictwa w Gorzkich \u017balach w niedziel\u0119 o godz. 17.00 i Drodze Krzy\u017cowej w pi\u0105tek o godz. 17.00 dla dzieci i ok. godz. 18.30 dla m\u0142odzie\u017cy i doros\u0142ych.<\/span> <span style=\"font-size: 12.5pt; color: #000000; background-color: transparent; font-weight: 400; font-variant-numeric: normal; font-variant-east-asian: normal; font-variant-alternates: normal; font-variant-position: normal; vertical-align: baseline; text-wrap: wrap;\">Zapraszamy r\u00f3wnie\u017c na Msze \u015bw. po\u0142\u0105czone z jutrzni\u0105, przez dni powszednie o godz. 6.00.\u00a0<\/span><\/li>\n<li dir=\"ltr\" style=\"line-height: 1.2; text-align: justify;\" role=\"presentation\"><span style=\"font-size: 12.5pt; color: #000000; background-color: transparent; font-weight: 400; font-variant-numeric: normal; font-variant-east-asian: normal; font-variant-alternates: normal; font-variant-position: normal; vertical-align: baseline; text-wrap: wrap;\">Darem wielkopostnego okresu niech b\u0119d\u0105 z\u0142o\u017cone produkty spo\u017cywcze i chemiczne dla najbardziej potrzebuj\u0105cych. Kosz na te produkty jest wystawiony przy o\u0142tarzu \u015bw.\u00a0Antoniego i na furcie. W przedsionku bazyliki mo\u017cna nabywa\u0107 \u015bwiece Caritas na st\u00f3\u0142 wielkanocny.<\/span><\/li>\n<li dir=\"ltr\" style=\"line-height: 1.2; text-align: justify;\" role=\"presentation\"><span style=\"font-size: 12.5pt; color: #000000; background-color: transparent; font-weight: 400; font-variant-numeric: normal; font-variant-east-asian: normal; font-variant-alternates: normal; font-variant-position: normal; vertical-align: baseline; text-wrap: wrap;\">Ofiary na kwiaty do Grobu Pa\u0144skiego mo\u017cna sk\u0142ada\u0107 do puszki przy wyj\u015bciu z bazyliki. W intencji wszystkich Ofiarodawc\u00f3w modli\u0107 si\u0119 b\u0119dziemy na Mszy \u015bwi\u0119tej w Wigili\u0119 Paschaln\u0105.<\/span><\/li>\n<li dir=\"ltr\" style=\"line-height: 1.2; text-align: justify;\" role=\"presentation\"><span style=\"font-size: 12.5pt; color: #000000; background-color: transparent; font-weight: 400; font-variant-numeric: normal; font-variant-east-asian: normal; font-variant-alternates: normal; font-variant-position: normal; vertical-align: baseline; text-wrap: wrap;\">Instytut Ordo Iuris, Centrum \u017bycia i Rodziny, Pose\u0142 Maciej Ma\u0142ecki oraz Radna Powiatu &#8211; Aneta Sowi\u0144ska zapraszaj\u0105 bezpo\u015brednio po Mszy \u015awi\u0119tej o godz. 13:00 do sali \u015bw. Bonawentury na projekcj\u0119 filmu \u201eTO NIC TAKIEGO\u201d po\u0142\u0105czon\u0105 z prelekcj\u0105 na temat zmian w edukacji i praw rodzic\u00f3w. Film dla os\u00f3b pe\u0142noletnich.<\/span><\/li>\n<li dir=\"ltr\" style=\"line-height: 1.2; text-align: justify;\" role=\"presentation\"><span style=\"font-size: 12.5pt; color: #000000; background-color: transparent; font-weight: 400; font-variant-numeric: normal; font-variant-east-asian: normal; font-variant-alternates: normal; font-variant-position: normal; vertical-align: baseline; text-wrap: wrap;\">We wtorek \u2013 25 marca \u2013 Uroczysto\u015b\u0107 Zwiastowania NMP. Msze \u015bwi\u0119te b\u0119d\u0105 odprawiane w porz\u0105dku dnia powszedniego. Tego dnia obchodzimy r\u00f3wnie\u017c Dzie\u0144 \u015awi\u0119to\u015bci \u017bycia. Ko\u015bci\u00f3\u0142 zach\u0119ca do w\u0142\u0105czenia si\u0119 w dzie\u0142o Duchowej Adopcji. Polega ono na odmawianiu przez 9 miesi\u0119cy jednej tajemnicy r\u00f3\u017ca\u0144cowej i specjalnej modlitwy w intencji pocz\u0119tego dziecka, kt\u00f3rego \u017cycie jest zagro\u017cone aborcj\u0105 oraz w intencji jego rodzic\u00f3w. Mo\u017cliwo\u015b\u0107 podj\u0119cia Duchowej Adopcji b\u0119dzie podczas Mszy \u015bwi\u0119tej o godz. 18.00.\u00a0<\/span><\/li>\n<li dir=\"ltr\" style=\"line-height: 1.2; text-align: justify;\" role=\"presentation\"><span style=\"font-size: 12.5pt; color: #000000; background-color: transparent; font-weight: 400; font-variant-numeric: normal; font-variant-east-asian: normal; font-variant-alternates: normal; font-variant-position: normal; vertical-align: baseline; text-wrap: wrap;\">W sobot\u0119 o godz. 19.00 zapraszamy do naszej bazyliki na \u201eKoncert Wielkopostny\u201d zespo\u0142u pie\u015bni i ta\u0144ca \u201eMazowsze\u201d. Wst\u0119p wolny. Tego dnia odb\u0119dzie si\u0119 spotkanie formacyjne Rycerzy Niepokalanej o g. 19.00 w kaplicy \u015bw. Maksymiliana, za\u015b o godz. 19.30 w domu parafialnym zapraszamy na Wiecz\u00f3r Uwielbienia, tym razem b\u0119dziemy prze\u017cywa\u0107 adoracj\u0119 Krzy\u017ca.\u00a0<\/span><\/li>\n<li dir=\"ltr\" style=\"line-height: 1.2; text-align: justify;\" role=\"presentation\"><span style=\"font-size: 12.5pt; color: #000000; background-color: transparent; font-weight: 400; font-variant-numeric: normal; font-variant-east-asian: normal; font-variant-alternates: normal; font-variant-position: normal; vertical-align: baseline; text-wrap: wrap;\">Za tydzie\u0144 rozpoczniemy w naszej parafii Rekolekcje Wielkopostne, kt\u00f3re w tym roku b\u0119dzie g\u0142osi o. Konrad Kapu\u015bci\u0144ski, nasz wsp\u00f3\u0142brat pracuj\u0105cy w Wyszogrodzie.<\/span><\/li>\n<li dir=\"ltr\" style=\"line-height: 1.2; text-align: justify;\" role=\"presentation\"><span style=\"font-size: 12.5pt; color: #000000; background-color: transparent; font-weight: 400; font-variant-numeric: normal; font-variant-east-asian: normal; font-variant-alternates: normal; font-variant-position: normal; vertical-align: baseline; text-wrap: wrap;\">Za tydzie\u0144 podczas Mszy \u015bw. o godz. 18.00 i na nabo\u017ce\u0144stwie po\u00a0Mszy modli\u0107 si\u0119 b\u0119dziemy o \u0142ask\u0119 uzdrowienia duszy i cia\u0142a. Zapraszamy na\u00a0wsp\u00f3ln\u0105 modlitw\u0119.<\/span><\/li>\n<li dir=\"ltr\" style=\"line-height: 1.2; text-align: justify;\" role=\"presentation\"><span style=\"font-size: 12.5pt; color: #000000; font-weight: 400; font-variant-numeric: normal; font-variant-east-asian: normal; font-variant-alternates: normal; font-variant-position: normal; vertical-align: baseline; text-wrap: wrap;\">Zapraszamy na Ekstremaln\u0105 Drog\u0119 Krzy\u017cow\u0105, kt\u00f3ra rozpocznie si\u0119 4 kwietnia o godz. 20.00 Msz\u0105 \u015bw. w bazylice. Zapisy na stronie <\/span><a style=\"text-decoration-line: none;\" href=\"http:\/\/www.edk.org.pl\"><span style=\"font-size: 12.5pt; color: #000000; font-weight: 400; font-variant-numeric: normal; font-variant-east-asian: normal; font-variant-alternates: normal; font-variant-position: normal; text-decoration-line: underline; text-decoration-skip-ink: none; vertical-align: baseline; text-wrap: wrap;\">www.edk.org.pl<\/span><\/a><\/li>\n<li dir=\"ltr\" style=\"line-height: 1.2; text-align: justify;\" role=\"presentation\"><span style=\"font-size: 12.5pt; color: #000000; background-color: transparent; font-weight: 400; font-variant-numeric: normal; font-variant-east-asian: normal; font-variant-alternates: normal; font-variant-position: normal; vertical-align: baseline; text-wrap: wrap;\">W tym tygodniu z naszej wsp\u00f3lnoty parafialnej odeszli do wieczno\u015bci: \u015bp. Jadwiga Kra\u015bniewska l. 93 z Paprotni, \u015bp. Bo\u017cena Przeworska l. 68 z Paprotni i \u015bp. Genowefa Ruci\u0144ska l. 78 z Serok Parceli. <\/span><span style=\"font-size: 12.5pt; color: #000000; background-color: transparent; font-weight: 400; font-style: italic; font-variant-numeric: normal; font-variant-east-asian: normal; font-variant-alternates: normal; font-variant-position: normal; vertical-align: baseline; text-wrap: wrap;\">Wieczny odpoczynek racz im da\u0107 Panie\u2026<\/span><\/li>\n<\/ol>\n<p>&nbsp;<\/p>\n<p dir=\"ltr\" style=\"line-height: 1.38; margin-left: -9.05pt; margin-top: 0pt; margin-bottom: 3pt; text-align: right;\"><span style=\"font-size: 14pt; font-family: Cambria, serif; color: #ff0000; background-color: transparent; font-style: italic; font-variant-numeric: normal; font-variant-east-asian: normal; font-variant-alternates: normal; font-variant-position: normal; vertical-align: baseline; white-space-collapse: preserve;\">MODLITWA O ZDROWIE DLA PAPIE\u017bA FRANCISZKA\u00a0<\/span><\/p>\n<p dir=\"ltr\" style=\"line-height: 1.38; margin-left: -9.05pt; margin-top: 0pt; margin-bottom: 3pt; text-align: right;\"><span style=\"font-size: 14pt; font-family: Cambria, serif; color: #000000; background-color: transparent; font-weight: bold; font-style: italic; font-variant-numeric: normal; font-variant-east-asian: normal; font-variant-alternates: normal; font-variant-position: normal; vertical-align: baseline; white-space-collapse: preserve;\">Wszechmog\u0105cy, wieczny Bo\u017ce, na Twoich postanowieniach wszystko si\u0119 opiera; wejrzyj \u0142askawie na nasze pro\u015bby i w swej dobroci racz zachowa\u0107 w zdrowiu Papie\u017ca Franciszka, aby lud chrze\u015bcija\u0144ski, kt\u00f3ry od Ciebie otrzymuje przewodnik\u00f3w, pod zwierzchnictwem najwy\u017cszego Pasterza, wzrasta\u0142 w zas\u0142ugach swej wiary. Przez Chrystusa Pana naszego. Amen.<\/span><\/p>\n<p dir=\"ltr\">\n<p dir=\"ltr\" style=\"line-height: 1.2; text-indent: 19.85pt; margin-top: 0pt; margin-bottom: 0pt; text-align: center;\"><span style=\"font-size: 12pt; font-family: 'Times New Roman', serif; color: #993366; background-color: transparent; font-weight: bold; font-variant-numeric: normal; font-variant-east-asian: normal; font-variant-alternates: normal; font-variant-position: normal; vertical-align: baseline; white-space-collapse: preserve;\">KATECHEZA PASCHALNA<\/span><\/p>\n<p dir=\"ltr\" style=\"line-height: 1.2; text-indent: 21.3pt; text-align: justify; margin-top: 0.0pt; margin-bottom: 0.0pt;\"><span style=\"font-size: 12pt; font-family: Cambria, serif; color: #000000; background-color: transparent; font-variant-numeric: normal; font-variant-east-asian: normal; font-variant-alternates: normal; font-variant-position: normal; vertical-align: baseline; white-space-collapse: preserve;\">Noc od sobotniego zmroku jest ju\u017c <\/span><span style=\"font-size: 12pt; font-family: Cambria, serif; color: #000000; background-color: transparent; font-weight: bold; font-variant-numeric: normal; font-variant-east-asian: normal; font-variant-alternates: normal; font-variant-position: normal; vertical-align: baseline; white-space-collapse: preserve;\">NIEDZIEL\u0104 ZMARTWYCHWSTANIA\u00a0 PA\u0143SKIEGO<\/span><span style=\"font-size: 12pt; font-family: Cambria, serif; color: #000000; background-color: transparent; font-variant-numeric: normal; font-variant-east-asian: normal; font-variant-alternates: normal; font-variant-position: normal; vertical-align: baseline; white-space-collapse: preserve;\"> i powinna by\u0107 czuwaniem na cze\u015b\u0107 Pana. Ko\u015bci\u00f3\u0142 daje jej pierwsze i wyj\u0105tkowe miejsce w liturgii ca\u0142ego roku.<\/span><\/p>\n<p dir=\"ltr\" style=\"line-height: 1.2; text-indent: 21.3pt; text-align: justify; margin-top: 0.0pt; margin-bottom: 0.0pt;\"><span style=\"font-size: 12pt; font-family: Cambria, serif; color: #000000; background-color: transparent; font-variant-numeric: normal; font-variant-east-asian: normal; font-variant-alternates: normal; font-variant-position: normal; vertical-align: baseline; white-space-collapse: preserve;\">Wigilia Paschalna, w czasie kt\u00f3rej Izraelici czuwali w nocy oczekuj\u0105c przyj\u015bcia Pana, aby ich wyzwoli\u0142 z niewoli faraona, by\u0142a przez nich obchodzona jako doroczna pami\u0105tka. Dzi\u015b wiemy, \u017ce by\u0142a ona <\/span><span style=\"font-size: 12pt; font-family: Cambria, serif; color: #000000; background-color: transparent; font-weight: bold; font-variant-numeric: normal; font-variant-east-asian: normal; font-variant-alternates: normal; font-variant-position: normal; vertical-align: baseline; white-space-collapse: preserve;\">zapowiedzi\u0105 prawdziwej Paschy Chrystusa<\/span><span style=\"font-size: 12pt; font-family: Cambria, serif; color: #000000; background-color: transparent; font-variant-numeric: normal; font-variant-east-asian: normal; font-variant-alternates: normal; font-variant-position: normal; vertical-align: baseline; white-space-collapse: preserve;\"> &#8211; nocy, w kt\u00f3rej \u201eChrystus skruszywszy wi\u0119zy \u015bmierci jako zwyci\u0119zca wyszed\u0142 z Otch\u0142ani\u201d. Ta noc jest tak\u017ce oczekiwaniem powt\u00f3rnego przyj\u015bcia Jezusa, a \u201eszcz\u0119\u015bliwi ci, kt\u00f3rych Pan zastanie czuwaj\u0105cych\u201d.<\/span><\/p>\n<p dir=\"ltr\" style=\"line-height: 1.2; text-indent: 21.3pt; text-align: justify; margin-top: 0.0pt; margin-bottom: 0.0pt;\"><span style=\"font-size: 12pt; font-family: Cambria, serif; color: #000000; background-color: transparent; font-variant-numeric: normal; font-variant-east-asian: normal; font-variant-alternates: normal; font-variant-position: normal; vertical-align: baseline; white-space-collapse: preserve;\">Pierwsza cz\u0119\u015b\u0107 Wigilii Paschalnej to Liturgia \u015awiat\u0142a i Or\u0119dzie Wielkanocne. Liturgia \u015awiat\u0142a rozpoczyna si\u0119 poza murami ko\u015bcio\u0142a w zupe\u0142nej ciemno\u015bci, dlatego te\u017c musi si\u0119 zaczyna\u0107 po zmroku. <\/span><span style=\"font-size: 12pt; font-family: Cambria, serif; color: #000000; background-color: transparent; font-weight: bold; font-variant-numeric: normal; font-variant-east-asian: normal; font-variant-alternates: normal; font-variant-position: normal; vertical-align: baseline; white-space-collapse: preserve;\">Ciemno\u015b\u0107<\/span><span style=\"font-size: 12pt; font-family: Cambria, serif; color: #000000; background-color: transparent; font-variant-numeric: normal; font-variant-east-asian: normal; font-variant-alternates: normal; font-variant-position: normal; vertical-align: baseline; white-space-collapse: preserve;\"> jest obrazem niewoli i \u015bmierci, kt\u00f3ra grozi\u0142a Izraelitom w Egipcie, tak\u017ce naszej rzeczywisto\u015bci grzechu. Rozpalany <\/span><span style=\"font-size: 12pt; font-family: Cambria, serif; color: #000000; background-color: transparent; font-weight: bold; font-variant-numeric: normal; font-variant-east-asian: normal; font-variant-alternates: normal; font-variant-position: normal; vertical-align: baseline; white-space-collapse: preserve;\">s\u0142up ognia<\/span><span style=\"font-size: 12pt; font-family: Cambria, serif; color: #000000; background-color: transparent; font-variant-numeric: normal; font-variant-east-asian: normal; font-variant-alternates: normal; font-variant-position: normal; vertical-align: baseline; white-space-collapse: preserve;\"> jest tym s\u0142upem, kt\u00f3ry walczy\u0142 w obronie Izraela wyprowadzaj\u0105c go z niewoli, a nas wyprowadza z ciemno\u015bci grzechu ku \u015bwiat\u0142o\u015bci nowego \u017cycia. \u015awiat\u0142o\u015b\u0107 oznacza Boga Ojca, kt\u00f3ry wskrzesza swojego Syna &#8211; dlatego symbolem Chrystusa zmartwychwsta\u0142ego jest <\/span><span style=\"font-size: 12pt; font-family: Cambria, serif; color: #000000; background-color: transparent; font-weight: bold; font-variant-numeric: normal; font-variant-east-asian: normal; font-variant-alternates: normal; font-variant-position: normal; text-decoration-line: underline; text-decoration-skip-ink: none; vertical-align: baseline; white-space-collapse: preserve;\">pascha\u0142.<\/span><span style=\"font-size: 12pt; font-family: Cambria, serif; color: #000000; background-color: transparent; font-variant-numeric: normal; font-variant-east-asian: normal; font-variant-alternates: normal; font-variant-position: normal; vertical-align: baseline; white-space-collapse: preserve;\"> Sam pascha\u0142 &#8211; wosk, kt\u00f3ry jest owocem dziewiczej pracy pszczo\u0142y, oznacza ludzk\u0105 natur\u0119 Jezusa, wzi\u0119t\u0105 z Dziewicy Maryi. Knot wskazuje na dusz\u0119, a \u015bwiat\u0142o na bosko\u015b\u0107 Jezusa.<\/span><\/p>\n<p dir=\"ltr\" style=\"line-height: 1.2; text-indent: 21.3pt; text-align: justify; margin-top: 0.0pt; margin-bottom: 0.0pt;\"><span style=\"font-size: 12pt; font-family: Cambria, serif; color: #000000; background-color: transparent; font-variant-numeric: normal; font-variant-east-asian: normal; font-variant-alternates: normal; font-variant-position: normal; vertical-align: baseline; white-space-collapse: preserve;\">Zapalony pascha\u0142 jest niesiony na przedzie procesji, prowadz\u0105cej nas do \u015bwi\u0105tyni. Chrystus gromadzi nas w Ko\u015bciele. Id\u0105c za Nim mamy \u015bwiat\u0142o i dlatego przy drugim wezwaniu: &#8222;\u015awiat\u0142o Chrystusa&#8221; zapalamy nasze \u015bwiece. Otrzymujemy \u017cycie, kt\u00f3re jest w Chrystusie, \u017cycie Bo\u017ce. \u017bycie to udziela si\u0119 nam, niczego z siebie nie trac\u0105c -tak jak nic nie traci pascha\u0142, gdy zapalamy od niego swoje \u015bwiece. W t\u0119 noc, je\u015bli nie idziemy za Jezusem, pozostajemy w ciemno\u015bciach, inaczej m\u00f3wi\u0105c, stajemy si\u0119 ciemniakami. Natomiast ci, kt\u00f3rzy id\u0105 za Nim, otrzymuj\u0105 \u015bwiat\u0142o &#8211; s\u0105 o\u015bwieconymi. Poza Chrystusem jest ciemno\u015b\u0107. Chrze\u015bcijanin to cz\u0142owiek o\u015bwiecony. W tradycji chrze\u015bcija\u0144skiej chrzest nazywano o\u015bwieceniem. Na znak tego wr\u0119czano nowoochrzczonym \u015bwiat\u0142o. Or\u0119dzie Wielkanocne &#8211; Exultet opiewa Bo\u017cy plan zbawienia.<\/span><\/p>\n<p dir=\"ltr\" style=\"line-height: 1.2; text-indent: 21.3pt; text-align: justify; margin-top: 0.0pt; margin-bottom: 0.0pt;\"><span style=\"font-size: 12pt; font-family: Cambria, serif; color: #000000; background-color: transparent; font-variant-numeric: normal; font-variant-east-asian: normal; font-variant-alternates: normal; font-variant-position: normal; vertical-align: baseline; white-space-collapse: preserve;\">Dalej nast\u0119puje czytanie i rozwa\u017canie S\u0142owa Bo\u017cego. <\/span><span style=\"font-size: 12pt; font-family: Cambria, serif; color: #000000; background-color: transparent; font-weight: bold; font-variant-numeric: normal; font-variant-east-asian: normal; font-variant-alternates: normal; font-variant-position: normal; vertical-align: baseline; white-space-collapse: preserve;\">Liturgia S\u0142owa<\/span><span style=\"font-size: 12pt; font-family: Cambria, serif; color: #000000; background-color: transparent; font-variant-numeric: normal; font-variant-east-asian: normal; font-variant-alternates: normal; font-variant-position: normal; vertical-align: baseline; white-space-collapse: preserve;\"> zawiera siedem czyta\u0144 ze Starego Testamentu i dwa z Nowego Testamentu. W ten spos\u00f3b Ko\u015bci\u00f3\u0142 poczynaj\u0105c od Moj\u017cesza i wszystkich prorok\u00f3w wyja\u015bnia nam paschalne misterium Chrystusa. Pomi\u0119dzy czytaniami Starego i Nowego Testamentu \u015bpiewany jest hymn \u201eChwa\u0142a na wysoko\u015bci Bogu\u201d i rado\u015bnie rozbrzmiewaj\u0105 uciszone w Wielki Czwartek instrumenty.<\/span><\/p>\n<p dir=\"ltr\" style=\"line-height: 1.2; text-indent: 21.3pt; text-align: justify; margin-top: 0.0pt; margin-bottom: 0.0pt;\"><span style=\"font-size: 12pt; font-family: Cambria, serif; color: #000000; background-color: transparent; font-variant-numeric: normal; font-variant-east-asian: normal; font-variant-alternates: normal; font-variant-position: normal; vertical-align: baseline; white-space-collapse: preserve;\">Trzecia cz\u0119\u015b\u0107 to<\/span><span style=\"font-size: 12pt; font-family: Cambria, serif; color: #000000; background-color: transparent; font-weight: bold; font-variant-numeric: normal; font-variant-east-asian: normal; font-variant-alternates: normal; font-variant-position: normal; vertical-align: baseline; white-space-collapse: preserve;\"> liturgia chrzcielna<\/span><span style=\"font-size: 12pt; font-family: Cambria, serif; color: #000000; background-color: transparent; font-variant-numeric: normal; font-variant-east-asian: normal; font-variant-alternates: normal; font-variant-position: normal; vertical-align: baseline; white-space-collapse: preserve;\">, kt\u00f3ra przypomina nam, \u017ce dzi\u0119ki mocy zmartwychwstania Jezusa stali\u015bmy si\u0119 ludem Bo\u017cym. W czasie niej ma miejsce chrzest katechumen\u00f3w (katechizowanych kandydat\u00f3w) lub chrzest dzieci. Po ka\u017cdym chrzcie \u015bpiewamy \u201eGloria\u201d, a nast\u0119pnie wszyscy ze \u015bwiecami w d\u0142oniach odnawiamy przyrzeczenia chrzcielne.<\/span><\/p>\n<p dir=\"ltr\" style=\"line-height: 1.2; text-indent: 21.3pt; text-align: justify; margin-top: 0.0pt; margin-bottom: 0.0pt;\"><span style=\"font-size: 12pt; font-family: Cambria, serif; color: #000000; background-color: transparent; font-variant-numeric: normal; font-variant-east-asian: normal; font-variant-alternates: normal; font-variant-position: normal; vertical-align: baseline; white-space-collapse: preserve;\">Czwart\u0105 cz\u0119\u015bci\u0105 tej liturgii, a zarazem jej szczytem jest sprawowanie<\/span><span style=\"font-size: 12pt; font-family: Cambria, serif; color: #000000; background-color: transparent; font-weight: bold; font-variant-numeric: normal; font-variant-east-asian: normal; font-variant-alternates: normal; font-variant-position: normal; vertical-align: baseline; white-space-collapse: preserve;\"> Eucharystii<\/span><span style=\"font-size: 12pt; font-family: Cambria, serif; color: #000000; background-color: transparent; font-variant-numeric: normal; font-variant-east-asian: normal; font-variant-alternates: normal; font-variant-position: normal; vertical-align: baseline; white-space-collapse: preserve;\">, poniewa\u017c jest ona w pe\u0142ni sakramentem paschalnym &#8211; uobecnieniem ofiary krzy\u017cowej i zmartwychwstania Chrystusa. Sprawuje si\u0119 j\u0105 bez po\u015bpiechu, gdy\u017c jest to noc dla Pana, a charakter znak\u00f3w jest szczeg\u00f3lnie pi\u0119kny i uroczysty.<\/span><\/p>\n<p dir=\"ltr\" style=\"line-height: 1.2; text-indent: 21.3pt; text-align: justify; margin-top: 0.0pt; margin-bottom: 0.0pt;\"><span style=\"font-size: 12pt; font-family: Cambria, serif; color: #000000; background-color: transparent; font-variant-numeric: normal; font-variant-east-asian: normal; font-variant-alternates: normal; font-variant-position: normal; vertical-align: baseline; white-space-collapse: preserve;\">Po do\u015bwiadczeniu obecno\u015bci Pana w Wielk\u0105 Noc <\/span><span style=\"font-size: 12pt; font-family: Cambria, serif; color: #000000; background-color: transparent; font-weight: bold; font-variant-numeric: normal; font-variant-east-asian: normal; font-variant-alternates: normal; font-variant-position: normal; vertical-align: baseline; white-space-collapse: preserve;\">wychodzimy z ko\u015bcio\u0142a na ulic\u0119.<\/span><span style=\"font-size: 12pt; font-family: Cambria, serif; color: #000000; background-color: transparent; font-variant-numeric: normal; font-variant-east-asian: normal; font-variant-alternates: normal; font-variant-position: normal; vertical-align: baseline; white-space-collapse: preserve;\"> Ma to tylko wtedy sens gdy czuwali\u015bmy jako naoczni \u015bwiadkowie mo\u017cemy oznajmi\u0107 \u015bwiatu, tym, kt\u00f3rzy \u015bpi\u0105, kt\u00f3rzy nie czuwali, wielk\u0105 nowin\u0119, \u017ce Chrystus Zmartwychwsta\u0142. <\/span><span style=\"font-size: 12pt; font-family: Cambria, serif; color: #000000; background-color: transparent; font-weight: bold; font-variant-numeric: normal; font-variant-east-asian: normal; font-variant-alternates: normal; font-variant-position: normal; vertical-align: baseline; white-space-collapse: preserve;\">W tym roku po raz pierwszy chcemy by procesja rezurekcyjna odby\u0142a si\u0119 zaraz po liturgii Wigilii Paschalnej w nocy, a nie rano.<\/span><span style=\"font-size: 12pt; font-family: Cambria, serif; color: #000000; background-color: transparent; font-variant-numeric: normal; font-variant-east-asian: normal; font-variant-alternates: normal; font-variant-position: normal; vertical-align: baseline; white-space-collapse: preserve;\"> Czuwali\u015bmy tak jak niewiasty, kt\u00f3re do\u015bwiadczywszy Zmartwychwstania, wysz\u0142y na ulice krzycz\u0105c: Chrystus Zmartwychwsta\u0142! My te\u017c przez &#8211; dzwony, \u015bpiew, procesj\u0119 &#8211; og\u0142aszamy Zmartwychwstanie Jezusa. W pierwszych wiekach, gdy chrze\u015bcijanie po nocnym czuwaniu wychodzili na ulice, w\u015bciekli poganie polewali, ich wod\u0105. Prawdopodobnie st\u0105d bierze si\u0119 tradycja dyngusa. Ko\u015bci\u00f3\u0142 w tej wielkiej paschalnej rado\u015bci pragnie przed\u0142u\u017cy\u0107 okres \u015bwi\u0105teczny, dlatego wprowadza dni oktawy Wielkiej Nocy, co wi\u0119cej, przed\u0142u\u017ca \u015bwi\u0119towanie na ca\u0142e pi\u0119\u0107dziesi\u0105t dni a\u017c do Niedzieli Zes\u0142ania Ducha \u015awi\u0119tego, wszystkie te dni traktuj\u0105c jako jeden dzie\u0144 \u015bwi\u0105teczny, a nawet jako \u201ewielk\u0105 niedziel\u0119\u201d.<\/span><\/p>\n<p>&nbsp;<\/p>\n","protected":false},"excerpt":{"rendered":"<p>&nbsp; Zach\u0119camy do uczestnictwa w Gorzkich \u017balach w niedziel\u0119 o godz. 17.00 i Drodze Krzy\u017cowej w pi\u0105tek o godz. 17.00 dla dzieci i ok. godz. 18.30 dla m\u0142odzie\u017cy i doros\u0142ych. [&hellip;]<\/p>\n","protected":false},"author":2,"featured_media":18418,"comment_status":"closed","ping_status":"open","sticky":false,"template":"","format":"standard","meta":{"footnotes":""},"categories":[1],"tags":[],"class_list":["post-18438","post","type-post","status-publish","format-standard","has-post-thumbnail","hentry","category-bez-kategorii"],"_links":{"self":[{"href":"https:\/\/parafia.niepokalanow.pl\/index.php?rest_route=\/wp\/v2\/posts\/18438","targetHints":{"allow":["GET"]}}],"collection":[{"href":"https:\/\/parafia.niepokalanow.pl\/index.php?rest_route=\/wp\/v2\/posts"}],"about":[{"href":"https:\/\/parafia.niepokalanow.pl\/index.php?rest_route=\/wp\/v2\/types\/post"}],"author":[{"embeddable":true,"href":"https:\/\/parafia.niepokalanow.pl\/index.php?rest_route=\/wp\/v2\/users\/2"}],"replies":[{"embeddable":true,"href":"https:\/\/parafia.niepokalanow.pl\/index.php?rest_route=%2Fwp%2Fv2%2Fcomments&post=18438"}],"version-history":[{"count":0,"href":"https:\/\/parafia.niepokalanow.pl\/index.php?rest_route=\/wp\/v2\/posts\/18438\/revisions"}],"wp:featuredmedia":[{"embeddable":true,"href":"https:\/\/parafia.niepokalanow.pl\/index.php?rest_route=\/wp\/v2\/media\/18418"}],"wp:attachment":[{"href":"https:\/\/parafia.niepokalanow.pl\/index.php?rest_route=%2Fwp%2Fv2%2Fmedia&parent=18438"}],"wp:term":[{"taxonomy":"category","embeddable":true,"href":"https:\/\/parafia.niepokalanow.pl\/index.php?rest_route=%2Fwp%2Fv2%2Fcategories&post=18438"},{"taxonomy":"post_tag","embeddable":true,"href":"https:\/\/parafia.niepokalanow.pl\/index.php?rest_route=%2Fwp%2Fv2%2Ftags&post=18438"}],"curies":[{"name":"wp","href":"https:\/\/api.w.org\/{rel}","templated":true}]}}