{"id":18429,"date":"2025-03-14T19:25:11","date_gmt":"2025-03-14T18:25:11","guid":{"rendered":"http:\/\/parafia.niepokalanow.pl\/?p=18429"},"modified":"2025-03-14T19:25:11","modified_gmt":"2025-03-14T18:25:11","slug":"ogloszenia-duszpasterskie-2-niedziela-wielkiego-postu-16-marca-2025","status":"publish","type":"post","link":"https:\/\/parafia.niepokalanow.pl\/?p=18429","title":{"rendered":"Og\u0142oszenia duszpasterskie 2 Niedziela Wielkiego Postu 16 marca 2025"},"content":{"rendered":"<p>1. Dzi\u015b prze\u017cywamy Niedziel\u0119 \u201eAd Gentes\u201d. Jest to Dzie\u0144 Modlitwy, Postu i\u00a0Solidarno\u015bci z<br \/>\nmisjonarzami, kt\u00f3rych mo\u017cemy wesprze\u0107 ofiarami do puszek, stoj\u0105cymi na balustradzie.<br \/>\n2. W czwartek 19 marca b\u0119dziemy obchodzi\u0107 Uroczysto\u015b\u0107 \u015bw. J\u00f3zefa \u2013 Oblubie\u0144ca NMP,<br \/>\nMsze \u015bw. b\u0119d\u0105 w porz\u0105dku dnia powszedniego.<br \/>\n3. Zach\u0119camy do uczestnictwa w Gorzkich \u017balach w niedziel\u0119 o godz.17.00 i Drodze<br \/>\nKrzy\u017cowej w\u00a0pi\u0105tek o godz. 17.00 dla dzieci i ok. godz. 18.30 dla m\u0142odzie\u017cy i doros\u0142ych<br \/>\noraz do spe\u0142niania innych czyn\u00f3w pokutnych, by nie zmarnowa\u0107 czasu \u0142aski, jakim jest<br \/>\nWielki Post. Zapraszamy r\u00f3wnie\u017c na Msze \u015bw. po\u0142\u0105czone z jutrzni\u0105, przez dni<br \/>\npowszednie o godz. 6.00.<br \/>\n4. Darem wielkopostnego okresu i wyrazem naszej mi\u0142o\u015bci wzgl\u0119dem bli\u017anich niech b\u0119d\u0105<br \/>\nr\u00f3wnie\u017c z\u0142o\u017cone produkty spo\u017cywcze i chemiczne dla najbardziej potrzebuj\u0105cych. Kosz<br \/>\nna te produkty jest wystawiony przy o\u0142tarzu \u015bw.\u00a0Antoniego i na furcie. Dzi\u015b w<br \/>\nprzedsionku bazyliki mo\u017cna ju\u017c naby\u0107 \u015bwiece Caritas na st\u00f3\u0142 wielkanocny.<br \/>\n5. Ofiary na kwiaty do Grobu Pa\u0144skiego mo\u017cna sk\u0142ada\u0107 do oznaczonej puszki przy wyj\u015bciu z<br \/>\nbazyliki. W intencji wszystkich Ofiarodawc\u00f3w modli\u0107 b\u0119dziemy si\u0119 na Mszy \u015bwi\u0119tej w<br \/>\nWigili\u0119 Paschaln\u0105.<br \/>\n6. W tym tygodniu m\u0142odzie\u017c z Zespo\u0142u Szk\u00f3\u0142 b\u0119dzie prze\u017cywa\u0107 swoje rekolekcje<br \/>\nwielkopostne, pami\u0119tajmy o nich w modlitwie, by przynios\u0142y b\u0142ogos\u0142awione owoce.<br \/>\n7. Instytut Ordo Iuris, Centrum \u017bycia i Rodziny, Pose\u0142 Maciej Ma\u0142ecki oraz Radna Powiatu<br \/>\nSochaczewskiego &#8211; Aneta Sowi\u0144ska zapraszaj\u0105 23 marca bezpo\u015brednio po Mszy \u015awi\u0119tej o<br \/>\ngodz. 13:00 do sali \u015bw. Bonawentury na projekcj\u0119 filmu \u201eTO NIC TAKIEGO\u201d po\u0142\u0105czon\u0105 z<br \/>\nprelekcj\u0105 na temat zmian w edukacji i praw rodzic\u00f3w. Film dla os\u00f3b pe\u0142noletnich.<br \/>\n8. Zapraszamy na Ekstremaln\u0105 Drog\u0119 Krzy\u017cow\u0105, kt\u00f3ra rozpocznie si\u0119 4 kwietnia o godz.<br \/>\n20.00 Msz\u0105 \u015bw. w bazylice. Trasa wynosi 43 km, zaczyna si\u0119 i ko\u0144czy w Niepokalanowie.<br \/>\nZapisy na stronie www.edk.org.pl<br \/>\n9. W tym tygodniu z naszej wsp\u00f3lnoty parafialnej odeszli do wieczno\u015bci: \u015bp. Krystyna<br \/>\nWinczewska l. 67 z Teresina, \u015bp. Wies\u0142aw Jarosi\u0144ski l. 68 z Teresina i \u015bp. Helena<br \/>\n\u017bakowska l. 87 z Teresina. Wieczny odpoczynek racz im da\u0107 Panie\u2026<\/p>\n<p><span style=\"color: #ff0000;\">MODLITWA O ZDROWIE DLA PAPIE\u017bA FRANCISZKA<\/span><br \/>\n<span style=\"color: #ff0000;\">Wszechmog\u0105cy, wieczny Bo\u017ce, na Twoich postanowieniach wszystko si\u0119 opiera;<\/span><br \/>\n<span style=\"color: #ff0000;\">wejrzyj \u0142askawie na nasze pro\u015bby i w swej dobroci racz zachowa\u0107 w zdrowiu<\/span><br \/>\n<span style=\"color: #ff0000;\">Papie\u017ca Franciszka, aby lud chrze\u015bcija\u0144ski, kt\u00f3ry od Ciebie otrzymuje<\/span><br \/>\n<span style=\"color: #ff0000;\">przewodnik\u00f3w, pod zwierzchnictwem najwy\u017cszego Pasterza, wzrasta\u0142 w zas\u0142ugach<\/span><br \/>\n<span style=\"color: #ff0000;\">swej wiary. Przez Chrystusa Pana naszego. Amen.<\/span><\/p>\n<p><span style=\"color: #993366;\"><strong>KATECHEZA PASCHALNA<\/strong><\/span><br \/>\nWielki Pi\u0105tek \u015bwi\u0119cimy jako dzie\u0144, w kt\u00f3rym \u201eChrystus zosta\u0142 ofiarowany jako nasza Pascha\u201d.<br \/>\nKo\u015bci\u00f3\u0142 wspomina swoje narodzenie z boku Chrystusa rozpi\u0119tego na krzy\u017cu i wstawia si\u0119 za<br \/>\nzbawienie ca\u0142ego \u015bwiata. Wielki Pi\u0105tek nie jest dniem \u017ca\u0142oby, ale dniem \u015awi\u0119ta. Gdy Chrystus<br \/>\nwchodzi w Pasch\u0119, \u015bmier\u0107, dla nas mi\u0142uj\u0105cych Jezusa nie mo\u017ce by\u0107 nic wa\u017cniejszego. Naprawd\u0119 nie<br \/>\nmo\u017cemy zajmowa\u0107 si\u0119 czymkolwiek innym, bo chcemy by\u0107 tam, gdzie Jezus. Jest to dzie\u0144, w<br \/>\nkt\u00f3rym obowi\u0105zuje nas post \u015bcis\u0142y, aby razem z umieraj\u0105cym Jezusem do\u015bwiadczy\u0107 niemocy i<br \/>\ncierpienia. Liturgia w tym dniu jest po\u0142\u0105czeniem liturgii s\u0142owa, adoracji Krzy\u017ca i Komunii<br \/>\n\u015bw. Tego dnia nie sprawuje si\u0119 bowiem \u017cadnych sakrament\u00f3w, jedynie, je\u015bli istnieje konieczno\u015b\u0107,<br \/>\nudziela si\u0119 sakramentu pokuty i namaszczenia chorych.<br \/>\nProcesja wej\u015bcia odbywa si\u0119 bez \u015bpiewu i w ciszy &#8211; w ten spos\u00f3b Ko\u015bci\u00f3\u0142 \u0142\u0105czy si\u0119 ze swoim<br \/>\nOblubie\u0144cem w ogromnej bole\u015bci, wobec kt\u00f3rej nie mo\u017cna wypowiedzie\u0107 nawet s\u0142owa. Ten sam<br \/>\nb\u00f3l symbolizuje gest upadni\u0119cia prezbitera na twarz przed o\u0142tarzem, w czym wierni towarzysz\u0105<br \/>\nmu upadni\u0119ciem na kolana. Tak zachowuje si\u0119 w Wielki Pi\u0105tek Ko\u015bci\u00f3\u0142 &#8211; w milczeniu pada przed<br \/>\nfaktem m\u0119ki i \u015bmierci Chrystusa, nie usprawiedliwia si\u0119, nie t\u0142umaczy, nie przeprasza, lecz<br \/>\npada.<br \/>\nPo chwili uni\u017cenia wszyscy wstaj\u0105 i zaczyna si\u0119 modlitwa prezbitera oraz liturgia s\u0142owa &#8211; najpierw<br \/>\nczytanie z proroka Izajasza i szczytowy moment &#8211; opis M\u0119ki Pa\u0144skiej. W Niedziel\u0119 Palmow\u0105 czyta<br \/>\nsi\u0119 Ewangelie synoptyczne, po kolei ka\u017cdego roku &#8211; Mateusza, Marka, \u0141ukasza. W Wielki Pi\u0105tek<br \/>\nzawsze czytamy Ewangeli\u0119 wed\u0142ug \u015bw. Jana. Jan nie odtwarza tylko wydarze\u0144, lecz patrzy na m\u0119k\u0119<br \/>\nChrystusa z\u00a0perspektywy zwyci\u0119stwa. Nie ma tam opisu m\u0119ki, cierpienia, lecz ukazuje zbawczy<br \/>\nwymiar m\u0119ki i \u015bmierci Chrystusa, proklamuje Jego zwyci\u0119stwo na krzy\u017cu.<br \/>\nPo od\u015bpiewaniu M\u0119ki Pa\u0144skiej nast\u0119puje homilia, a potem modlitwa powszechna. Ta modlitwa<br \/>\nma charakter szczeg\u00f3lny w tym dniu. Jako Ko\u015bci\u00f3\u0142, lud kap\u0142a\u0144ski ogarniamy modlitw\u0105 bardzo<br \/>\nszeroko \u015bwiat i\u00a0jego problemy, nikogo nie wykluczamy, zawieramy w modlitwie wszystkie sprawy.<br \/>\nNast\u0119pn\u0105 cz\u0119\u015bci\u0105 liturgii Wielkiego Pi\u0105tku jest adoracja Krzy\u017ca. Adorujemy jeden krzy\u017c i<br \/>\ntraktujemy go jako ten krzy\u017c, na kt\u00f3rym Chrystus umar\u0142. Krzy\u017c z Kalwarii pomna\u017ca si\u0119 i<br \/>\nurzeczywistnia si\u0119 w\u0142a\u015bnie w\u00a0tym krzy\u017cu. Z t\u0105 sam\u0105 wiar\u0105, z jak\u0105 by\u015bmy podchodzili do krzy\u017ca na<br \/>\nKalwarii, podchodzimy do krzy\u017ca, kt\u00f3ry jest intronizowany w liturgii. Przed nim kl\u0119kamy. Tak\u017ce<br \/>\nprzez ca\u0142y dzie\u0144 w Wielk\u0105 Sobot\u0119, a\u017c do liturgii Wielkiej Nocy kl\u0119ka si\u0119 przed krzy\u017cem jak przed<br \/>\nNaj\u015bwi\u0119tszym Sakramentem. Zas\u0142anianie krzy\u017ca jest starochrze\u015bcija\u0144sk\u0105 tradycj\u0105, albowiem krzy\u017c<br \/>\nw pierwszych wiekach, do \u015bredniowiecza, by\u0142 znakiem zwyci\u0119stwa, a nie \u015bmierci i b\u00f3lu. Chrystus<br \/>\nna krzy\u017cu ubrany w szaty kr\u00f3lewskie czy kap\u0142a\u0144skie, by\u0142 \u017cywy, tak jak przedstawia to krzy\u017c z<br \/>\nAsy\u017cu. W dniu szczeg\u00f3lnego prze\u017cywania \u015bmierci Jezusa ten krzy\u017c tryumfuj\u0105cy zas\u0142aniano.<br \/>\nOds\u0142aniany by\u0142 dopiero w momencie odniesienia zwyci\u0119stwa przez Chrystusa, podczas liturgii<br \/>\nWielkiego Pi\u0105tku. Taki by\u0142 pierwotny sens tego gestu. Potem, gdy \u015bredniowiecze da\u0142o nam krzy\u017ce z<br \/>\num\u0119czonym Chrystusem, gdzie wyeksponowano b\u00f3l i cierpienie, nadal pozosta\u0142a praktyka<br \/>\nzas\u0142aniania krzy\u017ca, chocia\u017c nie by\u0142o dysharmonii z liturgi\u0105. Jednak Ko\u015bci\u00f3\u0142 zachowa\u0142 zakrywanie<br \/>\nkrzy\u017cy z\u00a0cierpi\u0105cym Chrystusem, by tym bardziej ukaza\u0107, \u017ce cierpienie Chrystusa i Jego \u015bmier\u0107 jest<br \/>\ntajemnic\u0105, aby po ods\u0142oni\u0119ciu na nowo nam zaja\u015bnia\u0142, by\u015bmy na nowo go odkryli.<br \/>\nW Wielki Pi\u0105tek nie sprawuje si\u0119 Liturgii Eucharystycznej, spo\u017cywamy chleb konsekrowany<br \/>\npodczas Mszy \u015aw. Wieczerzy Pa\u0144skiej w ten spos\u00f3b ukazana jest \u0142\u0105czno\u015b\u0107 uczty eucharystycznej i<br \/>\nofiary krzy\u017ca &#8211; Eucharystia jest owocem drzewa krzy\u017ca.<br \/>\nPo M\u0119ce i \u015amierci Zbawiciela, martwe Jego cia\u0142o zdj\u0119to z Krzy\u017ca i z\u0142o\u017cono w wykutym w skale<br \/>\ngrobowcu. Po zako\u0144czonej liturgii w uroczystej procesji Naj\u015bwi\u0119tszy Sakrament zostanie<br \/>\nprzeniesiony do kaplicy przechowania, kt\u00f3ra w polskiej tradycji nazywana jest Grobem Pa\u0144skim.<\/p>\n<p>Tam odbywa si\u0119 adoracja, w kt\u00f3rej rozwa\u017caj\u0105c raz jeszcze ogrom Bo\u017cej mi\u0142o\u015bci, dzi\u0119kujemy za<br \/>\nwszystko, co Jezus dla nas dokona\u0142.<\/p>\n","protected":false},"excerpt":{"rendered":"<p>1. Dzi\u015b prze\u017cywamy Niedziel\u0119 \u201eAd Gentes\u201d. Jest to Dzie\u0144 Modlitwy, Postu i\u00a0Solidarno\u015bci z misjonarzami, kt\u00f3rych mo\u017cemy wesprze\u0107 ofiarami do puszek, stoj\u0105cymi na balustradzie. 2. W czwartek 19 marca b\u0119dziemy obchodzi\u0107 [&hellip;]<\/p>\n","protected":false},"author":2,"featured_media":18418,"comment_status":"closed","ping_status":"open","sticky":false,"template":"","format":"standard","meta":{"footnotes":""},"categories":[1],"tags":[],"class_list":["post-18429","post","type-post","status-publish","format-standard","has-post-thumbnail","hentry","category-bez-kategorii"],"_links":{"self":[{"href":"https:\/\/parafia.niepokalanow.pl\/index.php?rest_route=\/wp\/v2\/posts\/18429","targetHints":{"allow":["GET"]}}],"collection":[{"href":"https:\/\/parafia.niepokalanow.pl\/index.php?rest_route=\/wp\/v2\/posts"}],"about":[{"href":"https:\/\/parafia.niepokalanow.pl\/index.php?rest_route=\/wp\/v2\/types\/post"}],"author":[{"embeddable":true,"href":"https:\/\/parafia.niepokalanow.pl\/index.php?rest_route=\/wp\/v2\/users\/2"}],"replies":[{"embeddable":true,"href":"https:\/\/parafia.niepokalanow.pl\/index.php?rest_route=%2Fwp%2Fv2%2Fcomments&post=18429"}],"version-history":[{"count":0,"href":"https:\/\/parafia.niepokalanow.pl\/index.php?rest_route=\/wp\/v2\/posts\/18429\/revisions"}],"wp:featuredmedia":[{"embeddable":true,"href":"https:\/\/parafia.niepokalanow.pl\/index.php?rest_route=\/wp\/v2\/media\/18418"}],"wp:attachment":[{"href":"https:\/\/parafia.niepokalanow.pl\/index.php?rest_route=%2Fwp%2Fv2%2Fmedia&parent=18429"}],"wp:term":[{"taxonomy":"category","embeddable":true,"href":"https:\/\/parafia.niepokalanow.pl\/index.php?rest_route=%2Fwp%2Fv2%2Fcategories&post=18429"},{"taxonomy":"post_tag","embeddable":true,"href":"https:\/\/parafia.niepokalanow.pl\/index.php?rest_route=%2Fwp%2Fv2%2Ftags&post=18429"}],"curies":[{"name":"wp","href":"https:\/\/api.w.org\/{rel}","templated":true}]}}