{"id":18176,"date":"2025-01-26T09:32:19","date_gmt":"2025-01-26T08:32:19","guid":{"rendered":"http:\/\/parafia.niepokalanow.pl\/?p=18176"},"modified":"2025-01-26T09:32:19","modified_gmt":"2025-01-26T08:32:19","slug":"ogloszenia-3-niedziela-zwykla-26-01-2025","status":"publish","type":"post","link":"https:\/\/parafia.niepokalanow.pl\/?p=18176","title":{"rendered":"Og\u0142oszenia 3 Niedziela zwyk\u0142a, 26.01.2025"},"content":{"rendered":"<p>W tym tygodniu w liturgii Ko\u015bcio\u0142a b\u0119dziemy obchodzi\u0107:<br \/>\n\uf0b7 We wtorek: Wspomnienie \u015bw. Tomasza z Akwinu, prezbitera i doktora Ko\u015bcio\u0142a;<br \/>\n\uf0b7 W czwartek: Wspomnienie \u015bw. Hiacynty Mariscotti, dziewicy<br \/>\n\uf0b7 W pi\u0105tek: Wspomnienie \u015bw. Jana Bosko, prezbitera;<br \/>\n2. Dzi\u015b Ko\u015bci\u00f3\u0142 obchodzi VI NIEDZIEL\u0118 S\u0141OWA BO\u017bEGO. Mottem na Niedziel\u0119 S\u0142owa Bo\u017cego<br \/>\n2025, wybranym przez Ojca \u015awi\u0119tego, jest werset z Psalmu 119: \u201ePok\u0142adam nadziej\u0119 w<br \/>\nTwoim S\u0142owie&#8221; R\u00f3wnie\u017c dzi\u015b podczas Mszy \u015bw. o godz. 18.00 i na nabo\u017ce\u0144stwie po Mszy<br \/>\n\u015bw. modli\u0107 si\u0119 b\u0119dziemy o \u0142ask\u0119 uzdrowienia duszy i cia\u0142a.<br \/>\n3. 3 lutego zako\u0144czymy wizyt\u0119 duszpastersk\u0105. Osoby, kt\u00f3re z r\u00f3\u017cnych przyczyn nie mog\u0142y<br \/>\ngo\u015bci\u0107 kap\u0142ana w swoim domu, prosimy o zg\u0142oszenie adresu w zakrystii b\u0105d\u017a w kancelarii<br \/>\nparafialnej. Udamy si\u0119 do nich we wtorek, 4 lutego, od godz. 15.00.<br \/>\n4. W pi\u0105tek w kaplicy \u015bw. Maksymiliana od 19.00 odb\u0119dzie si\u0119 czuwanie modlitewne przed<br \/>\nPierwsz\u0105 Sobot\u0105, zako\u0144czone Msz\u0105 \u015bw. o 21.10. W sobot\u0119 1 lutego odb\u0119dzie si\u0119<br \/>\njubileuszowe 100. Spotkanie &#8222;Oddaj si\u0119 Maryi&#8221; o 9.30 w sali \u015bw. Bonawentury konferencja<br \/>\ni \u015bwiadectwa, o 11.00 Msza \u015bw. z zawierzeniem Niepokalanej pod przewodnictwem Ojca<br \/>\nProwincja\u0142a Piotra \u017burkiewicza oraz nabo\u017ce\u0144stwo wynagradzaj\u0105ce. O 14.00 konferencja<br \/>\nAlicji \u015awi\u0119cickiej pt.\u00a0Gietrzwa\u0142d &#8211; Polskie Lourdes, przes\u0142anie Maryi do Polak\u00f3w.<br \/>\n5. W przysz\u0142\u0105 niedziel\u0119 przypada \u015bwi\u0119to Ofiarowania Pa\u0144skiego, zwane \u015bwi\u0119tem Matki Bo\u017cej<br \/>\nGromnicznej, jest to tak\u017ce 28. \u015awiatowy Dzie\u0144 \u017bycia Konsekrowanego. Na ka\u017cdej Mszy \u015bw.<br \/>\nb\u0119dzie mia\u0142o miejsce b\u0142ogos\u0142awie\u0144stwo \u015bwiec. Uroczysta Msza \u015bw. pod przewodnictwem o. bp<br \/>\nPiotra Kleszcza z \u0141odzi b\u0119dzie sprawowana o godz. 11.30. Spotkanie Wsp\u00f3lnoty \u017bywego<br \/>\nR\u00f3\u017ca\u0144ca wyj\u0105tkowo b\u0119dzie 9 stycznia.<br \/>\n6. Za tydzie\u0144 w niedziel\u0119 W\u00f3jt Gminy Teresin i Zgromadzenie Si\u00f3str Niepokalanego Pocz\u0119cia<br \/>\nNMP w Szymanowie zapraszaj\u0105 na koncert kol\u0119d i pastora\u0142ek \u201eB\u00f3g si\u0119 rodzi\u201d o godz. 16.00<br \/>\nw kaplicy Sanktuarium Matki Bo\u017cej Jaz\u0142owieckiej.<br \/>\n7. W tym tygodniu z naszej wsp\u00f3lnoty parafialnej odeszli do wieczno\u015bci: \u015bp. Jolanta<br \/>\nMularczyk l. 78 z Paprotni, \u015bp. S\u0142awomir Mazek l. 63 z Serok Parceli i \u015bp. Andrzej Tomczak<br \/>\nl. 87<br \/>\nz Teresina. Wieczny odpoczynek racz im da\u0107 Panie \u2026<\/p>\n","protected":false},"excerpt":{"rendered":"<p>W tym tygodniu w liturgii Ko\u015bcio\u0142a b\u0119dziemy obchodzi\u0107: \uf0b7 We wtorek: Wspomnienie \u015bw. Tomasza z Akwinu, prezbitera i doktora Ko\u015bcio\u0142a; \uf0b7 W czwartek: Wspomnienie \u015bw. Hiacynty Mariscotti, dziewicy \uf0b7 W [&hellip;]<\/p>\n","protected":false},"author":2,"featured_media":18166,"comment_status":"closed","ping_status":"open","sticky":false,"template":"","format":"standard","meta":{"footnotes":""},"categories":[1],"tags":[],"class_list":["post-18176","post","type-post","status-publish","format-standard","has-post-thumbnail","hentry","category-bez-kategorii"],"_links":{"self":[{"href":"https:\/\/parafia.niepokalanow.pl\/index.php?rest_route=\/wp\/v2\/posts\/18176","targetHints":{"allow":["GET"]}}],"collection":[{"href":"https:\/\/parafia.niepokalanow.pl\/index.php?rest_route=\/wp\/v2\/posts"}],"about":[{"href":"https:\/\/parafia.niepokalanow.pl\/index.php?rest_route=\/wp\/v2\/types\/post"}],"author":[{"embeddable":true,"href":"https:\/\/parafia.niepokalanow.pl\/index.php?rest_route=\/wp\/v2\/users\/2"}],"replies":[{"embeddable":true,"href":"https:\/\/parafia.niepokalanow.pl\/index.php?rest_route=%2Fwp%2Fv2%2Fcomments&post=18176"}],"version-history":[{"count":0,"href":"https:\/\/parafia.niepokalanow.pl\/index.php?rest_route=\/wp\/v2\/posts\/18176\/revisions"}],"wp:featuredmedia":[{"embeddable":true,"href":"https:\/\/parafia.niepokalanow.pl\/index.php?rest_route=\/wp\/v2\/media\/18166"}],"wp:attachment":[{"href":"https:\/\/parafia.niepokalanow.pl\/index.php?rest_route=%2Fwp%2Fv2%2Fmedia&parent=18176"}],"wp:term":[{"taxonomy":"category","embeddable":true,"href":"https:\/\/parafia.niepokalanow.pl\/index.php?rest_route=%2Fwp%2Fv2%2Fcategories&post=18176"},{"taxonomy":"post_tag","embeddable":true,"href":"https:\/\/parafia.niepokalanow.pl\/index.php?rest_route=%2Fwp%2Fv2%2Ftags&post=18176"}],"curies":[{"name":"wp","href":"https:\/\/api.w.org\/{rel}","templated":true}]}}