{"id":17939,"date":"2024-10-18T14:34:48","date_gmt":"2024-10-18T12:34:48","guid":{"rendered":"http:\/\/parafia.niepokalanow.pl\/?p=17939"},"modified":"2024-10-18T14:34:48","modified_gmt":"2024-10-18T12:34:48","slug":"ogloszenia-xxviii-niedziela-zwykla-13-10-2024","status":"publish","type":"post","link":"https:\/\/parafia.niepokalanow.pl\/?p=17939","title":{"rendered":"Og\u0142oszenia XXVIII Niedziela zwyk\u0142a 13.10.2024"},"content":{"rendered":"<p>W tym tygodniu w liturgii Ko\u015bcio\u0142a b\u0119dziemy obchodzi\u0107:<br \/>\n\uf0b7 We wtorek: Wspomnienie \u015bw. Teresy od Jezusa, dziewicy i doktora Ko\u015bcio\u0142a;<br \/>\n\uf0b7 W \u015brod\u0119: Wspomnienie \u015bw. Jadwigi \u015al\u0105skiej;<br \/>\n\uf0b7 W czwartek: Wspomnienie \u015bw. Ignacego Antioche\u0144skiego, biskupa i m\u0119czennika;<br \/>\n\uf0b7 W pi\u0105tek: \u015awi\u0119to \u015bw. \u0141ukasza, Ewangelisty;<br \/>\n\uf0b7 W sobot\u0119: Wspomnienie b\u0142. Jerzego Popie\u0142uszki, prezbitera i m\u0119czennika;<br \/>\n2. Dzi\u015b obchodzimy XIV Dzie\u0144 Papieski pod has\u0142em: \u201e\u015aw. Jan Pawe\u0142 II. Ewangelia staro\u015bci i<br \/>\ncierpienia\u201d. Przez ca\u0142\u0105 niedziel\u0119 zbieramy fundusze na stypendia dla ubogiej m\u0142odzie\u017cy z teren\u00f3w<br \/>\nwiejskich.<br \/>\n3. Dzi\u015b o godz. 17:00 zapraszamy na ostatnie nabo\u017ce\u0144stwo fatimskie z procesj\u0105 wok\u00f3\u0142 bazyliki.<br \/>\n4. (Do odczytania po Mszach o 10, 11.30 i 13.00)<br \/>\nZ okazji dnia papieskiego zapraszamy na pyszne papieskie krem\u00f3wki do naszej kawiarenki<br \/>\nparafialnej ,,Zau\u0142ek Anio\u0142\u00f3w,,<br \/>\n5. Nabo\u017ce\u0144stwa r\u00f3\u017ca\u0144cowe s\u0105 odprawiane w dni powszednie dla dzieci i m\u0142odzie\u017cy o godz. 17.00,<br \/>\ndla doros\u0142ych po Mszy \u015bw. wieczornej ok. godz. 18.30, w soboty w kaplicy \u015bw. Maksymiliana o<br \/>\n17.30.<br \/>\n6. Z racji Dnia Patrona Szko\u0142y Podstawowej w Paprotni \u2013 \u015bw. Jana Paw\u0142a II, w \u015brod\u0119, 16<br \/>\npa\u017adziernika, o godz. 10.00 w bazylice zostanie odprawiona Msza \u015bw. w intencji dyrekcji,<br \/>\nnauczycieli, pracownik\u00f3w i uczni\u00f3w, natomiast w czwartek z racji \u015bwi\u0119ta patronalnego Szko\u0142y<br \/>\nPodstawowej<br \/>\nw Budkach Piaseckich b\u0119dzie sprawowana msza \u015bw. w kaplicy o godz. 10.00.<br \/>\n7. Za tydzie\u0144 podczas Mszy \u015bw. O godz.18.00 m\u0142odzie\u017c z klas \u00f3smych z\u0142o\u017cy deklaracje ch\u0119ci<br \/>\nprzyst\u0105pienia do sakramentu bierzmowania. Po Mszy \u015bw. spotkanie organizacyjne wraz<br \/>\nz rodzicami w domu parafialnym. Osoby, kt\u00f3re ucz\u0119szczaj\u0105 ju\u017c do szko\u0142y \u015bredniej, ale nie<br \/>\nuko\u0144czy\u0142y 18 roku \u017cycia mog\u0105 do\u0142\u0105czy\u0107 do przygotowa\u0144, deklaracje b\u0119d\u0105 dost\u0119pne w tym<br \/>\ntygodniu<br \/>\nw kancelarii parafialnej.<br \/>\n8. W zwi\u0105zku z przypadaj\u0105cym w dniu 10 pa\u017adziernika r. \u015awiatowym Dniu Hospicj\u00f3w i Opieki<br \/>\nPaliatywnej w naszej parafii w przysz\u0142\u0105 niedziel\u0119, b\u0119dzie przeprowadzona zbi\u00f3rka na rzecz<br \/>\nbudowy O\u015brodka Hospicyjnego w \u017byrardowie, s\u0142u\u017c\u0105cego chorym onkologicznie na r\u00f3\u017cnych<br \/>\netapach choroby. Zbi\u00f3rk\u0119 przeprowadz\u0105 Wolontariusze ze Stowarzyszenia \u201eNie\u015b\u0107 Ulg\u0119<br \/>\nw Cierpieniu\u201d im. Ojca Pio i Matki Teresy.<br \/>\n9. W najbli\u017csz\u0105 sobot\u0119 w kaplicy \u015bw. Maksymiliana o godz. 9.00 b\u0119dzie sprawowana Msza \u015bw.<br \/>\nw intencji Radia Maryja, Telewizji Trwam i naszej Ojczyzny.<br \/>\n10. Zbli\u017ca si\u0119 listopad, w kt\u00f3rym pami\u0119tamy w modlitwie o naszych zmar\u0142ych. B\u0119dziemy poleca\u0107 ich<br \/>\nMi\u0142osierdziu Bo\u017cemu podczas nabo\u017ce\u0144stwa wypominkowego przez ca\u0142y miesi\u0105c w dni<br \/>\npowszednie. Kartki z imionami zmar\u0142ych przyjmujemy w\u00a0zakrystii, przy furcie klasztornej<br \/>\ni w kancelarii. Prosimy o wyra\u017ane, czytelne wypisywanie imion zmar\u0142ych oraz podawanie<br \/>\nmiejscowo\u015bci zamieszkania rodziny, kt\u00f3ra poleca ich modlitwie Ko\u015bcio\u0142a.<br \/>\n11. W tym tygodniu z naszej wsp\u00f3lnoty parafialnej odesz\u0142a do wieczno\u015bci: \u015bp. Sabina Bieniek, l. 91<\/p>\n<p>z Ludwikowa. Wieczny odpoczynek racz jej da\u0107 Panie\u2026<\/p>\n","protected":false},"excerpt":{"rendered":"<p>W tym tygodniu w liturgii Ko\u015bcio\u0142a b\u0119dziemy obchodzi\u0107: \uf0b7 We wtorek: Wspomnienie \u015bw. Teresy od Jezusa, dziewicy i doktora Ko\u015bcio\u0142a; \uf0b7 W \u015brod\u0119: Wspomnienie \u015bw. Jadwigi \u015al\u0105skiej; \uf0b7 W czwartek: [&hellip;]<\/p>\n","protected":false},"author":2,"featured_media":0,"comment_status":"closed","ping_status":"open","sticky":false,"template":"","format":"standard","meta":{"footnotes":""},"categories":[1],"tags":[],"class_list":["post-17939","post","type-post","status-publish","format-standard","hentry","category-bez-kategorii"],"_links":{"self":[{"href":"https:\/\/parafia.niepokalanow.pl\/index.php?rest_route=\/wp\/v2\/posts\/17939","targetHints":{"allow":["GET"]}}],"collection":[{"href":"https:\/\/parafia.niepokalanow.pl\/index.php?rest_route=\/wp\/v2\/posts"}],"about":[{"href":"https:\/\/parafia.niepokalanow.pl\/index.php?rest_route=\/wp\/v2\/types\/post"}],"author":[{"embeddable":true,"href":"https:\/\/parafia.niepokalanow.pl\/index.php?rest_route=\/wp\/v2\/users\/2"}],"replies":[{"embeddable":true,"href":"https:\/\/parafia.niepokalanow.pl\/index.php?rest_route=%2Fwp%2Fv2%2Fcomments&post=17939"}],"version-history":[{"count":0,"href":"https:\/\/parafia.niepokalanow.pl\/index.php?rest_route=\/wp\/v2\/posts\/17939\/revisions"}],"wp:attachment":[{"href":"https:\/\/parafia.niepokalanow.pl\/index.php?rest_route=%2Fwp%2Fv2%2Fmedia&parent=17939"}],"wp:term":[{"taxonomy":"category","embeddable":true,"href":"https:\/\/parafia.niepokalanow.pl\/index.php?rest_route=%2Fwp%2Fv2%2Fcategories&post=17939"},{"taxonomy":"post_tag","embeddable":true,"href":"https:\/\/parafia.niepokalanow.pl\/index.php?rest_route=%2Fwp%2Fv2%2Ftags&post=17939"}],"curies":[{"name":"wp","href":"https:\/\/api.w.org\/{rel}","templated":true}]}}