{"id":17440,"date":"2023-12-31T08:26:55","date_gmt":"2023-12-31T07:26:55","guid":{"rendered":"http:\/\/parafia.niepokalanow.pl\/?p=17440"},"modified":"2023-12-31T08:26:55","modified_gmt":"2023-12-31T07:26:55","slug":"ogloszenia-niedziela-swietej-rodziny-31-12-2023","status":"publish","type":"post","link":"https:\/\/parafia.niepokalanow.pl\/?p=17440","title":{"rendered":"Og\u0142oszenia Niedziela \u015awi\u0119tej Rodziny 31.12.2023"},"content":{"rendered":"<ol>\n<li>Dzisiaj <strong>ko\u0144czymy Rok Pa\u0144ski 2023<\/strong>. Z tej racji uroczysta Suma parafialna jest przeniesiona z godz. 10.00 na godz. 18.00. Po niej zostanie odprawione nabo\u017ce\u0144stwo dzi\u0119kczynno-b\u0142agalne. Dzisiejsza niedziela jest te\u017c \u015awi\u0119tem \u015aw.\u00a0Rodziny Jezusa, Maryi i J\u00f3zefa. Zapraszamy zatem ma\u0142\u017ce\u0144stwa na obrz\u0119d <strong>odnowienia przysi\u0119gi ma\u0142\u017ce\u0144skiej<\/strong>, kt\u00f3ry odb\u0119dzie si\u0119 podczas Mszy o 18.00.<\/li>\n<li>O 17.00 zapraszamy jak w ka\u017cd\u0105 niedziel\u0119 na nabo\u017ce\u0144stwo r\u00f3\u017ca\u0144cowe przed Naj\u015bwi\u0119tszym Sakramentem.<\/li>\n<li>Zapraszamy dzi\u015b do Bazyliki na Uwielbienie Pana obecnego w Naj\u015bwi\u0119tszym Sakramencie, kt\u00f3re rozpocznie si\u0119 o godz. 22.00, a o 23.15 na <strong>Msz\u0119 \u015aw. na prze\u0142omie Starego i Nowego Roku<\/strong>.<\/li>\n<li>W tym tygodniu <strong>w liturgii obchodzimy<\/strong>: w poniedzia\u0142ek <strong>Uroczysto\u015b\u0107 \u015awi\u0119tej Bo\u017cej Rodzicielki Maryi<\/strong> (porz\u0105dek Mszy jak w niedziele), we wtorek wspomnienie \u015bwi\u0119tych Bazylego Wielkiego i Grzegorza z Nazjanzu, w \u015brod\u0119 wspomnienie Naj\u015bwi\u0119tszego Imienia Jezus, w sobot\u0119 <strong>uroczysto\u015b\u0107 Objawienia Pa\u0144skiego<\/strong>, tradycyjnie zwan\u0105 Uroczysto\u015bci\u0105 Trzech Kr\u00f3li. Porz\u0105dek Mszy niedzielny. Po ka\u017cdej Mszy \u015bw. <strong>po\u015bwi\u0119cenie<\/strong> <strong>kredy i kadzid\u0142a<\/strong>.<\/li>\n<li>Dnia <strong> stycznia<\/strong> rozpoczynamy wizyt\u0119 duszpastersk\u0105 zwan\u0105 <strong>Kol\u0119d\u0105<\/strong>. <strong>P<\/strong><strong>rogram<\/strong> Kol\u0119dy jest umieszczony w gablocie, na stronie internetowej naszej parafii oraz w broszurach na stolikach pod ch\u00f3rem. Zwracamy si\u0119 z pro\u015bb\u0105 do Parafian o pomoc w przeprowadzeniu kol\u0119dy wzorem lat ubieg\u0142ych. Za przyj\u0119cie nas, Waszych duszpasterzy, w swoich rodzinach ju\u017c dzi\u015b sk\u0142adamy serdeczne: B\u00f3g zap\u0142a\u0107!<\/li>\n<li>Przez <strong>ca\u0142y stycze\u0144<\/strong> <strong>kancelaria parafialna<\/strong> czynna b\u0119dzie od poniedzia\u0142ku do pi\u0105tku jedynie przed po\u0142udniem w godz. <strong>00-10.00<\/strong>.<\/li>\n<li>W tym tygodniu przypadaj\u0105 dni odnowy wewn\u0119trznej. W <strong>I czwartek<\/strong> zapraszamy na Msz\u0119 \u015bw. o godz. 18.00 i nabo\u017ce\u0144stwo godziny \u015bwi\u0119tej w intencji o nowe powo\u0142ania kap\u0142a\u0144skie i zakonne. W <strong>I pi\u0105tek<\/strong> spowied\u017a dla dzieci przez ca\u0142y dzie\u0144, a o 18.00 Msza \u015bw. Tego dnia przed po\u0142udniem udamy si\u0119 z pos\u0142ug\u0105 do chorych naszej parafii.<\/li>\n<li>W pi\u0105tek w Kaplicy \u015bw. Maksymiliana odb\u0119dzie si\u0119 <strong>czuwanie modlitewne<\/strong> przed pierwsz\u0105 sobot\u0105. Pocz\u0105tek o 19.00, w programie adoracja Naj\u015bwi\u0119tszego Sakramentu z modlitw\u0105 r\u00f3\u017ca\u0144cow\u0105, a o 21.10 Msza \u015bw.<\/li>\n<li>W sobot\u0119 odb\u0119dzie si\u0119 Spotkanie <strong>\u201eOddaj si\u0119 Maryi\u201d<\/strong>. O 9.30 w sali \u015bw. Bonawentury konferencja o zawierzeniu Matce Bo\u017cej oraz \u015bwiadectwa. O 11.00 w Bazylice r\u00f3\u017caniec nast\u0119pnie o 11.30 Msza \u015bw. z zawierzeniem oraz nabo\u017ce\u0144stwo wynagradzaj\u0105ce. W przerwie mo\u017cliwo\u015b\u0107 skorzystania z ciep\u0142ego posi\u0142ku. O 14.00 w sali \u015bw. Bonawentury konferencja ks.\u00a0Waldemara Linke, biblisty, pt. <em>Kenoza Boga<\/em>. Zako\u0144czenie Koronk\u0105 do Bo\u017cego Mi\u0142osierdzia. Tak\u017ce w sobot\u0119 Msz\u0105 \u015awi\u0119t\u0105 o godz. 11.30 rozpoczn\u0105 si\u0119 obchody <strong>Orszaku Trzech Kr\u00f3li <\/strong>w Szymanowie.<\/li>\n<li>W przysz\u0142\u0105 niedziel\u0119 po Mszy \u015bw. o godz. 10.00 zapraszamy wsp\u00f3lnoty <strong>\u017bywego R\u00f3\u017ca\u0144ca<\/strong> na spotkanie op\u0142atkowe.<\/li>\n<li>W przysz\u0142\u0105 niedziel\u0119 o godz. 14.00 wsp\u00f3lnota R\u00f3\u017ca\u0144ca Rodzin zaprasza dzieci, rodzic\u00f3w, dziadk\u00f3w na <strong>wsp\u00f3lne kol\u0119dowanie w Bazylice<\/strong>. Przyb\u0119dzie do dzieci \u015bw. Miko\u0142aj, kt\u00f3ry tradycyjnie obdaruje wszystkich prezentami i swoim b\u0142ogos\u0142awie\u0144stwem. Towarzyszy\u0107 nam b\u0119dzie r\u00f3wnie\u017c nasza parafialna schola. Tego dnia zapraszamy dzieci na Msz\u0119 \u015bwi\u0119t\u0105 wyj\u0105tkowo o godz. 13.00.<\/li>\n<li>Zapraszamy do zapisywania si\u0119 na <strong>Kurs Nowe \u017bycie<\/strong>, kt\u00f3ry odb\u0119dzie si\u0119 w dniach 16-18 lutego w Domu Parafialnym. Szczeg\u00f3\u0142y na stronie internetowej parafii.<\/li>\n<li>Na balustradzie przy o\u0142tarzu znajduj\u0105 si\u0119 <strong>karteczki z imionami<\/strong> <strong>kap\u0142an\u00f3w<\/strong> z naszej parafii. Zach\u0119camy do wzi\u0119cia po Mszy jednej karteczki i odmawiania codziennie przez miesi\u0105c dowolnie wybranej modlitwy za wylosowanego ojca.<\/li>\n<li>Po Mszy \u015bw. przy o\u0142tarzu \u015bw. Franciszka odb\u0119dzie si\u0119 <strong>po\u015bwi\u0119cenie dewocjonali\u00f3w<\/strong>.<\/li>\n<\/ol>\n","protected":false},"excerpt":{"rendered":"<p>Dzisiaj ko\u0144czymy Rok Pa\u0144ski 2023. Z tej racji uroczysta Suma parafialna jest przeniesiona z godz. 10.00 na godz. 18.00. Po niej zostanie odprawione nabo\u017ce\u0144stwo dzi\u0119kczynno-b\u0142agalne. Dzisiejsza niedziela jest te\u017c \u015awi\u0119tem [&hellip;]<\/p>\n","protected":false},"author":2,"featured_media":17441,"comment_status":"closed","ping_status":"open","sticky":false,"template":"","format":"standard","meta":{"footnotes":""},"categories":[1],"tags":[],"class_list":["post-17440","post","type-post","status-publish","format-standard","has-post-thumbnail","hentry","category-bez-kategorii"],"_links":{"self":[{"href":"https:\/\/parafia.niepokalanow.pl\/index.php?rest_route=\/wp\/v2\/posts\/17440","targetHints":{"allow":["GET"]}}],"collection":[{"href":"https:\/\/parafia.niepokalanow.pl\/index.php?rest_route=\/wp\/v2\/posts"}],"about":[{"href":"https:\/\/parafia.niepokalanow.pl\/index.php?rest_route=\/wp\/v2\/types\/post"}],"author":[{"embeddable":true,"href":"https:\/\/parafia.niepokalanow.pl\/index.php?rest_route=\/wp\/v2\/users\/2"}],"replies":[{"embeddable":true,"href":"https:\/\/parafia.niepokalanow.pl\/index.php?rest_route=%2Fwp%2Fv2%2Fcomments&post=17440"}],"version-history":[{"count":0,"href":"https:\/\/parafia.niepokalanow.pl\/index.php?rest_route=\/wp\/v2\/posts\/17440\/revisions"}],"wp:featuredmedia":[{"embeddable":true,"href":"https:\/\/parafia.niepokalanow.pl\/index.php?rest_route=\/wp\/v2\/media\/17441"}],"wp:attachment":[{"href":"https:\/\/parafia.niepokalanow.pl\/index.php?rest_route=%2Fwp%2Fv2%2Fmedia&parent=17440"}],"wp:term":[{"taxonomy":"category","embeddable":true,"href":"https:\/\/parafia.niepokalanow.pl\/index.php?rest_route=%2Fwp%2Fv2%2Fcategories&post=17440"},{"taxonomy":"post_tag","embeddable":true,"href":"https:\/\/parafia.niepokalanow.pl\/index.php?rest_route=%2Fwp%2Fv2%2Ftags&post=17440"}],"curies":[{"name":"wp","href":"https:\/\/api.w.org\/{rel}","templated":true}]}}