{"id":17433,"date":"2023-12-22T17:52:48","date_gmt":"2023-12-22T16:52:48","guid":{"rendered":"http:\/\/parafia.niepokalanow.pl\/?p=17433"},"modified":"2023-12-22T17:52:51","modified_gmt":"2023-12-22T16:52:51","slug":"ogloszenia-iv-niedziela-adwentu-24-12-2023","status":"publish","type":"post","link":"https:\/\/parafia.niepokalanow.pl\/?p=17433","title":{"rendered":"Og\u0142oszenia IV Niedziela Adwentu 24.12.2023"},"content":{"rendered":"<ol>\n<li>Dzisiaj nie b\u0119dzie Mszy \u015bwi\u0119tej o godz. 18.00. <strong>Pasterka<\/strong> b\u0119dzie sprawowana <strong>o godz. 24.00 w Bazylice. <\/strong>Poprzedzi j\u0105 modlitwa bre\u00adwiarzowa: Wigilijna Godzina Czyta\u0144, kt\u00f3ra rozpocznie si\u0119 o godz. 23.20. Pasterka <strong>w Budkach Piaseckich <\/strong>o godz. 24.00. Dzi\u015b o godz. 17.30 w <strong>TVP1<\/strong> b\u0119dzie mo\u017cna obejrze\u0107 <strong>Koncert Kol\u0119d<\/strong> nagrany w Bazylice Niepokalanowskiej.<\/li>\n<li>Jutro obchodzi\u0107 b\u0119dziemy <strong>Uroczysto\u015b\u0107 Narodzenia Pa\u0144skiego<\/strong>. <strong>Nie b\u0119dzie Mszy \u015bw. o godz. 6.00<\/strong>. Pozosta\u0142e Msze \u015bwi\u0119te wed\u0142ug porz\u0105dku niedzielnego. W drugi dzie\u0144 \u015bwi\u0105t Msze \u015bwi\u0119te b\u0119d\u0105 odprawiane w porz\u0105dku niedzielnym.<\/li>\n<li>W tym tygodniu <strong>w liturgii obchodzimy nast\u0119puj\u0105ce \u015bwi\u0119ta<\/strong>: we wtorek \u015bw. Szczepana, we \u015brod\u0119 \u015bw. Jana Aposto\u0142a i Ewangelisty, w czwartek \u015awi\u0119tych M\u0142odziank\u00f3w.<\/li>\n<li>W sobot\u0119 o godz. 19.00 odb\u0119dzie si\u0119 <strong>spotkanie<\/strong> <strong>Rycerzy Niepokalanej<\/strong>.<\/li>\n<li>W przysz\u0142\u0105 niedziel\u0119 <strong>zako\u0144czymy Rok Pa\u0144ski 2023<\/strong>. Z tej racji uroczysta suma parafialna zostanie przeniesiona z godz. 10.00 na godz. 18.00. Po niej zostanie odprawione nabo\u017ce\u0144stwo dzi\u0119kczynno-b\u0142agalne. B\u0119dzie to te\u017c \u015awi\u0119to \u015aw. Rodziny Jezusa, Maryi i J\u00f3zefa. Zapraszamy zatem ma\u0142\u017ce\u0144stwa na obrz\u0119d <strong>odnowienia przysi\u0119gi ma\u0142\u017ce\u0144skiej<\/strong>, kt\u00f3ry odb\u0119dzie si\u0119 podczas Mszy o godz. 18.00.<\/li>\n<li>W noc sylwestrow\u0105 w Bazylice od godz. 22.00 zapraszamy na Uwielbienie Pana obecnego w Naj\u015bwi\u0119tszym Sakramencie, a o 23.15 na <strong>Msz\u0119 \u015bw. na prze\u0142omie Starego i Nowego Roku<\/strong>. W grudniu nie b\u0119dzie <strong>Mszy \u015bw. z modlitw\u0105 o uzdrowienie<\/strong>.<\/li>\n<li>W niedziel\u0119 7 stycznia o godz. 14.00 wsp\u00f3lnota R\u00f3\u017ca\u0144ca Rodzin zaprasza dzieci, rodzic\u00f3w, dziadk\u00f3w na <strong>wsp\u00f3lne kol\u0119dowanie w Bazylice<\/strong>. Pragniemy podtrzyma\u0107 t\u0119 pi\u0119kn\u0105 tradycj\u0119 gromadzenia si\u0119 rodzin i wielbienia Boga \u015bpiewem kol\u0119d. Przyb\u0119dzie do dzieci \u015bw. Miko\u0142aj, kt\u00f3ry tradycyjnie obdaruje wszystkich prezentami i swoim b\u0142ogos\u0142awie\u0144stwem. Towarzyszy\u0107 nam b\u0119dzie r\u00f3wnie\u017c nasza parafialna schola. Tego dnia zapraszamy dzieci na Msz\u0119 \u015bwi\u0119t\u0105 wyj\u0105tkowo o godz. 13.00.<\/li>\n<li>W przedsionku Bazyliki mo\u017cna naby\u0107 pob\u0142ogos\u0142awione <strong>op\u0142atki na st\u00f3\u0142 wigilijny<\/strong>.<\/li>\n<li>Zapraszamy do zapisywania si\u0119 na <strong>Kurs Nowe \u017bycie<\/strong>, kt\u00f3ry odb\u0119dzie si\u0119 w dniach 16-18 lutego w Domu Parafialnym. Szczeg\u00f3\u0142y na stronie internetowej parafii.<\/li>\n<li>Przypominamy, \u017ce w ka\u017cd\u0105 niedziel\u0119 o godz. 17.30 w Domu Parafialnym odbywaj\u0105 si\u0119 <strong>spotkania Grupy AA<\/strong>.<\/li>\n<li>Zach\u0119camy do zapisywania si\u0119<strong> na adoracj\u0119 Naj\u015bwi\u0119tszego Sakramentu<\/strong>. Zapisu mo\u017cna dokona\u0107 on-line wchodz\u0105c na stron\u0119 internetow\u0105 parafii. Foldery i czyste deklaracje znajduj\u0105 si\u0119 te\u017c na stoliku przy kaplicy wieczystej adoracji.<\/li>\n<li>P<strong>rogram<\/strong> wizyty duszpasterskiej zwanej <strong>Kol\u0119d\u0105<\/strong> jest umieszczony w gablocie, na stronie internetowej naszej parafii oraz w broszurach na stolikach pod ch\u00f3rem.<\/li>\n<li>Po Mszy \u015bw. przy o\u0142tarzu \u015bw. Franciszka odb\u0119dzie si\u0119 <strong>po\u015bwi\u0119cenie dewocjonali\u00f3w<\/strong>.<\/li>\n<li>W minionym tygodniu z naszej wsp\u00f3lnoty parafialnej odesz\u0142a do wieczno\u015bci \u015bp.\u00a0Teresa Bloch, 73 z Teresina Gaju. <em>Wieczny odpoczynek racz jej da\u0107, Panie\u2026<\/em><\/li>\n<\/ol>\n","protected":false},"excerpt":{"rendered":"<p>Dzisiaj nie b\u0119dzie Mszy \u015bwi\u0119tej o godz. 18.00. Pasterka b\u0119dzie sprawowana o godz. 24.00 w Bazylice. Poprzedzi j\u0105 modlitwa bre\u00adwiarzowa: Wigilijna Godzina Czyta\u0144, kt\u00f3ra rozpocznie si\u0119 o godz. 23.20. Pasterka [&hellip;]<\/p>\n","protected":false},"author":2,"featured_media":16721,"comment_status":"closed","ping_status":"open","sticky":false,"template":"","format":"standard","meta":{"footnotes":""},"categories":[1],"tags":[],"class_list":["post-17433","post","type-post","status-publish","format-standard","has-post-thumbnail","hentry","category-bez-kategorii"],"_links":{"self":[{"href":"https:\/\/parafia.niepokalanow.pl\/index.php?rest_route=\/wp\/v2\/posts\/17433","targetHints":{"allow":["GET"]}}],"collection":[{"href":"https:\/\/parafia.niepokalanow.pl\/index.php?rest_route=\/wp\/v2\/posts"}],"about":[{"href":"https:\/\/parafia.niepokalanow.pl\/index.php?rest_route=\/wp\/v2\/types\/post"}],"author":[{"embeddable":true,"href":"https:\/\/parafia.niepokalanow.pl\/index.php?rest_route=\/wp\/v2\/users\/2"}],"replies":[{"embeddable":true,"href":"https:\/\/parafia.niepokalanow.pl\/index.php?rest_route=%2Fwp%2Fv2%2Fcomments&post=17433"}],"version-history":[{"count":0,"href":"https:\/\/parafia.niepokalanow.pl\/index.php?rest_route=\/wp\/v2\/posts\/17433\/revisions"}],"wp:featuredmedia":[{"embeddable":true,"href":"https:\/\/parafia.niepokalanow.pl\/index.php?rest_route=\/wp\/v2\/media\/16721"}],"wp:attachment":[{"href":"https:\/\/parafia.niepokalanow.pl\/index.php?rest_route=%2Fwp%2Fv2%2Fmedia&parent=17433"}],"wp:term":[{"taxonomy":"category","embeddable":true,"href":"https:\/\/parafia.niepokalanow.pl\/index.php?rest_route=%2Fwp%2Fv2%2Fcategories&post=17433"},{"taxonomy":"post_tag","embeddable":true,"href":"https:\/\/parafia.niepokalanow.pl\/index.php?rest_route=%2Fwp%2Fv2%2Ftags&post=17433"}],"curies":[{"name":"wp","href":"https:\/\/api.w.org\/{rel}","templated":true}]}}