{"id":17399,"date":"2023-12-15T22:12:18","date_gmt":"2023-12-15T21:12:18","guid":{"rendered":"http:\/\/parafia.niepokalanow.pl\/?p=17399"},"modified":"2023-12-16T22:25:11","modified_gmt":"2023-12-16T21:25:11","slug":"ogloszenia-iii-niedziela-adwentu-17-12-2023","status":"publish","type":"post","link":"https:\/\/parafia.niepokalanow.pl\/?p=17399","title":{"rendered":"Og\u0142oszenia III Niedziela Adwentu 17.12.2023"},"content":{"rendered":"<ol>\n<li>Rozpocz\u0119li\u015bmy trzydniowe <strong>rekolekcje adwentowe.<\/strong> Nauki rekolekcyjne dzisiaj b\u0119d\u0105 g\u0142oszone na ka\u017cdej Mszy \u015bw. a w poniedzia\u0142ek i wtorek na Mszach \u015bw. o godz. 11.00 i 18.00 za\u015b nauki stanowe o godz. 19.00. Msza \u015bw. z nauk\u0105 w kaplicy w Budkach Piaseckich b\u0119dzie w poniedzia\u0142ek i wtorek o godz. 16.00.<\/li>\n<li>Zapraszamy dzi\u015b przed Bazylik\u0119 w godz. 9.30-14.00 na\u00a0<strong>kiermasz ozd\u00f3b i ciast\u00a0 \u015bwi\u0105tecznych<\/strong>przygotowanych przez dzieci i rodzic\u00f3w z naszej \u015bwietlicy parafialnej. Dla ka\u017cdego przewidziana jest ciep\u0142a herbata.<\/li>\n<li>W przedsionku Bazyliki b\u0119dzie mo\u017cna naby\u0107 <strong>op\u0142atki na st\u00f3\u0142 wigilijny<\/strong> dzisiaj i w przysz\u0142\u0105 niedziel\u0119.<\/li>\n<li>Przez nadchodz\u0105cy tydzie\u0144 <strong>kosz na produkty spo\u017cywcze<\/strong> dla ubogich wystawiony b\u0119dzie przy o\u0142tarzu \u015bw. Antoniego.<\/li>\n<li>W przysz\u0142\u0105 niedziel\u0119 przypada <strong>Wigilia Bo\u017cego Narodzenia<\/strong>. Nie b\u0119dzie Mszy \u015bw. o godz. 18.00. Pasterka nie jest Msz\u0105 niedzieln\u0105, ale Msz\u0105 z Uroczysto\u015bci Bo\u017cego Narodzenia. Zatem mamy obowi\u0105zek uczestniczy\u0107 w Mszach \u015awi\u0119tych zar\u00f3wno w niedziel\u0119 jak i w Bo\u017ce Narodzenie. Pasterka b\u0119dzie sprawowana <strong>o godz. 24.00 w Bazylice. <\/strong>Poprzedzi j\u0105 modlitwa bre\u00adwiarzowa: Wigilijna Godzina Czyta\u0144, kt\u00f3ra rozpocznie si\u0119 o godz. 23.20. Pasterka <strong>w Budkach Piaseckich <\/strong>o godz. 24.00.<\/li>\n<li>Zapraszamy do zapisywania si\u0119 na <strong>Kurs Nowe \u017bycie<\/strong>, kt\u00f3ry odb\u0119dzie si\u0119 w dniach 16-18 lutego w Domu Parafialnym. Szczeg\u00f3\u0142y na stronie internetowej parafii.<\/li>\n<li>Przypominamy, \u017ce w ka\u017cd\u0105 niedziel\u0119 o godz. 17.30 w Domu Parafialnym odbywaj\u0105 si\u0119 <strong>spotkania Grupy AA<\/strong>.<\/li>\n<li>Zach\u0119camy do zapisywania si\u0119<strong> na adoracj\u0119 Naj\u015bwi\u0119tszego Sakramentu<\/strong>. Zapisu mo\u017cna dokona\u0107 on-line wchodz\u0105c na stron\u0119 internetow\u0105 parafii. Foldery i czyste deklaracje znajduj\u0105 si\u0119 te\u017c na stoliku przy kaplicy wieczystej adoracji.<\/li>\n<li>Broszury z <strong>programem<\/strong> wizyty duszpasterskiej zwanej <strong>Kol\u0119d\u0105<\/strong> wy\u0142o\u017cone s\u0105 na stolikach pod ch\u00f3rem.<\/li>\n<li>Po Mszy \u015bw. przy o\u0142tarzu \u015bw. Franciszka odb\u0119dzie si\u0119 <strong>po\u015bwi\u0119cenie dewocjonali\u00f3w<\/strong>.<\/li>\n<\/ol>\n","protected":false},"excerpt":{"rendered":"<p>Rozpocz\u0119li\u015bmy trzydniowe rekolekcje adwentowe. Nauki rekolekcyjne dzisiaj b\u0119d\u0105 g\u0142oszone na ka\u017cdej Mszy \u015bw. a w poniedzia\u0142ek i wtorek na Mszach \u015bw. o godz. 11.00 i 18.00 za\u015b nauki stanowe o [&hellip;]<\/p>\n","protected":false},"author":2,"featured_media":16563,"comment_status":"closed","ping_status":"open","sticky":false,"template":"","format":"standard","meta":{"footnotes":""},"categories":[1],"tags":[],"class_list":["post-17399","post","type-post","status-publish","format-standard","has-post-thumbnail","hentry","category-bez-kategorii"],"_links":{"self":[{"href":"https:\/\/parafia.niepokalanow.pl\/index.php?rest_route=\/wp\/v2\/posts\/17399","targetHints":{"allow":["GET"]}}],"collection":[{"href":"https:\/\/parafia.niepokalanow.pl\/index.php?rest_route=\/wp\/v2\/posts"}],"about":[{"href":"https:\/\/parafia.niepokalanow.pl\/index.php?rest_route=\/wp\/v2\/types\/post"}],"author":[{"embeddable":true,"href":"https:\/\/parafia.niepokalanow.pl\/index.php?rest_route=\/wp\/v2\/users\/2"}],"replies":[{"embeddable":true,"href":"https:\/\/parafia.niepokalanow.pl\/index.php?rest_route=%2Fwp%2Fv2%2Fcomments&post=17399"}],"version-history":[{"count":0,"href":"https:\/\/parafia.niepokalanow.pl\/index.php?rest_route=\/wp\/v2\/posts\/17399\/revisions"}],"wp:featuredmedia":[{"embeddable":true,"href":"https:\/\/parafia.niepokalanow.pl\/index.php?rest_route=\/wp\/v2\/media\/16563"}],"wp:attachment":[{"href":"https:\/\/parafia.niepokalanow.pl\/index.php?rest_route=%2Fwp%2Fv2%2Fmedia&parent=17399"}],"wp:term":[{"taxonomy":"category","embeddable":true,"href":"https:\/\/parafia.niepokalanow.pl\/index.php?rest_route=%2Fwp%2Fv2%2Fcategories&post=17399"},{"taxonomy":"post_tag","embeddable":true,"href":"https:\/\/parafia.niepokalanow.pl\/index.php?rest_route=%2Fwp%2Fv2%2Ftags&post=17399"}],"curies":[{"name":"wp","href":"https:\/\/api.w.org\/{rel}","templated":true}]}}