{"id":17374,"date":"2023-12-08T16:45:45","date_gmt":"2023-12-08T15:45:45","guid":{"rendered":"http:\/\/parafia.niepokalanow.pl\/?p=17374"},"modified":"2023-12-09T20:22:39","modified_gmt":"2023-12-09T19:22:39","slug":"ogloszenia-ii-niedziela-adwentu-10-12-2023","status":"publish","type":"post","link":"https:\/\/parafia.niepokalanow.pl\/?p=17374","title":{"rendered":"Og\u0142oszenia II Niedziela Adwentu 10.12.2023"},"content":{"rendered":"<ol>\n<li>W tym tygodniu <strong>w liturgii Ko\u015bcio\u0142a b\u0119dziemy obchodzi\u0107 wspomnienie<\/strong>: w \u015brod\u0119 \u015bw. \u0141ucji, w czwartek \u2013 \u015bw. Jana od Krzy\u017ca.<\/li>\n<li>Dzisiaj po wszystkich Mszach odbywa si\u0119 <strong>zbi\u00f3rka do puszek na pomoc Ko\u015bcio\u0142owi na Wschodzie<\/strong>. Puszki znajduj\u0105 si\u0119 na balustradzie przy o\u0142tarzu.<\/li>\n<li>Dzisiaj tak\u017ce w godz. 8.30-19.00 przed Bazylik\u0105 odbywa si\u0119 Kiermasz Bo\u017conarodzeniowy przygotowany przez <strong>Skautki Europy<\/strong>. Zebrane pieni\u0105dze zostan\u0105 przeznaczone na organizacj\u0119 letniego obozu skautowego.<\/li>\n<li>Pan\u00f3w ch\u0119tnych do pomocy przy <strong>instalacji \u017cywej szopki<\/strong> zapraszamy na spotkanie organizacyjne. Spotkamy si\u0119 w \u015brod\u0119 o godz. 19.00 przed Bazylik\u0105.<\/li>\n<li>W nadchodz\u0105cym tygodniu w Bazylice odb\u0119dzie si\u0119 realizacja telewizyjnego koncertu kol\u0119d. Z tego powodu Bazylika b\u0119dzie zamkni\u0119ta. Wszystkie <strong>Msze \u015bwi\u0119te od poniedzia\u0142ku do pi\u0105tku b\u0119d\u0105 sprawowane w kaplicy \u015bw. Maksymiliana<\/strong>.<\/li>\n<li>W sobot\u0119 w Kaplicy \u015bw. Maksymiliana o godz. 9.00 odb\u0119dzie si\u0119 <strong>Msza \u015bw. w intencji Ojczyzny<\/strong>, Radia Maryja i Telewizji Trwam, na kt\u00f3r\u0105 zapraszamy wszystkich ch\u0119tnych.<\/li>\n<li>W<strong> przysz\u0142\u0105 niedziel\u0119<\/strong> rozpoczynamy trzydniowe <strong>rekolekcje adwentowe<\/strong>, kt\u00f3re poprowadzi<strong> Marcin Ciechanowski, paulin z Jasnej G\u00f3ry<\/strong>. Nauki rekolekcyjne b\u0119d\u0105 g\u0142oszone na ka\u017cdej Mszy \u015bw. w niedziel\u0119 a w poniedzia\u0142ek i wtorek na Mszach \u015bw. o godz. 11.00 i 18.00 za\u015b nauki stanowe o godz. 19.00. Msza \u015bw. z nauk\u0105 w kaplicy w Budkach Piaseckich b\u0119dzie w poniedzia\u0142ek i wtorek o godz. 16.00.<\/li>\n<li>Wprzysz\u0142\u0105 niedziel\u0119 zapraszamy przed Bazylik\u0119 w godz. 9.30-14.00 na\u00a0<strong>kiermasz ozd\u00f3b i ciast\u00a0 \u015bwi\u0105tecznych<\/strong>\u00a0przygotowanych przez dzieci i rodzic\u00f3w z naszej \u015bwietlicy parafialnej. Dla ka\u017cdego przewidziana jest ciep\u0142a herbata.<\/li>\n<li>W przedsionku Bazyliki b\u0119dzie mo\u017cna naby\u0107 <strong>op\u0142atki na st\u00f3\u0142 wigilijny<\/strong> w najbli\u017csze dwie niedziele: 17 i 24 grudnia.<\/li>\n<li>Przez nadchodz\u0105cy tydzie\u0144 <strong>kosz na produkty spo\u017cywcze<\/strong> dla ubogich wystawiony b\u0119dzie na furcie klasztornej.<\/li>\n<li>W przedsionku Bazyliki sprzedawane s\u0105 <strong>\u015bwiece Caritas na st\u00f3\u0142 wigilijny<\/strong>. Uzyskane 3 z\u0142 od ka\u017cdej \u015bwiecy b\u0119d\u0105 przeznaczone na potrzeby naszego parafialnego Zespo\u0142u Caritas.<\/li>\n<li>W ubieg\u0142\u0105 niedziel\u0119 zbierali\u015bmy <strong>zapisy na adoracj\u0119 Naj\u015bwi\u0119tszego Sakramentu<\/strong>. Wype\u0142nione zg\u0142oszenia mo\u017cna nadal przynosi\u0107 do zakrystii. Foldery i czyste deklaracje znajduj\u0105 si\u0119 na stoliku przy kaplicy wieczystej adoracji. Zach\u0119camy do zapisywania si\u0119! Zapisu mo\u017cna dokona\u0107 tak\u017ce on-line wchodz\u0105c na stron\u0119 internetow\u0105 parafii.<\/li>\n<li>Po Mszy \u015bw. przy o\u0142tarzu \u015bw. Franciszka odb\u0119dzie si\u0119 <strong>po\u015bwi\u0119cenie dewocjonali\u00f3w<\/strong>.<\/li>\n<li>W minionym tygodniu z naszej wsp\u00f3lnoty parafialnej odeszli do wieczno\u015bci: \u015bp. o. Feliks Mechecki z klasztoru Niepokalan\u00f3w, \u015bp. Anna Jagielska, l. 74 z Teresina i \u015bp. Jerzy Borkowski, l. 79 ze Starej Piasecznicy. <em>Wieczny odpoczynek racz im da\u0107, Panie\u2026<\/em><\/li>\n<\/ol>\n","protected":false},"excerpt":{"rendered":"<p>W tym tygodniu w liturgii Ko\u015bcio\u0142a b\u0119dziemy obchodzi\u0107 wspomnienie: w \u015brod\u0119 \u015bw. \u0141ucji, w czwartek \u2013 \u015bw. Jana od Krzy\u017ca. Dzisiaj po wszystkich Mszach odbywa si\u0119 zbi\u00f3rka do puszek na [&hellip;]<\/p>\n","protected":false},"author":2,"featured_media":17375,"comment_status":"closed","ping_status":"open","sticky":false,"template":"","format":"standard","meta":{"footnotes":""},"categories":[1],"tags":[],"class_list":["post-17374","post","type-post","status-publish","format-standard","has-post-thumbnail","hentry","category-bez-kategorii"],"_links":{"self":[{"href":"https:\/\/parafia.niepokalanow.pl\/index.php?rest_route=\/wp\/v2\/posts\/17374","targetHints":{"allow":["GET"]}}],"collection":[{"href":"https:\/\/parafia.niepokalanow.pl\/index.php?rest_route=\/wp\/v2\/posts"}],"about":[{"href":"https:\/\/parafia.niepokalanow.pl\/index.php?rest_route=\/wp\/v2\/types\/post"}],"author":[{"embeddable":true,"href":"https:\/\/parafia.niepokalanow.pl\/index.php?rest_route=\/wp\/v2\/users\/2"}],"replies":[{"embeddable":true,"href":"https:\/\/parafia.niepokalanow.pl\/index.php?rest_route=%2Fwp%2Fv2%2Fcomments&post=17374"}],"version-history":[{"count":0,"href":"https:\/\/parafia.niepokalanow.pl\/index.php?rest_route=\/wp\/v2\/posts\/17374\/revisions"}],"wp:featuredmedia":[{"embeddable":true,"href":"https:\/\/parafia.niepokalanow.pl\/index.php?rest_route=\/wp\/v2\/media\/17375"}],"wp:attachment":[{"href":"https:\/\/parafia.niepokalanow.pl\/index.php?rest_route=%2Fwp%2Fv2%2Fmedia&parent=17374"}],"wp:term":[{"taxonomy":"category","embeddable":true,"href":"https:\/\/parafia.niepokalanow.pl\/index.php?rest_route=%2Fwp%2Fv2%2Fcategories&post=17374"},{"taxonomy":"post_tag","embeddable":true,"href":"https:\/\/parafia.niepokalanow.pl\/index.php?rest_route=%2Fwp%2Fv2%2Ftags&post=17374"}],"curies":[{"name":"wp","href":"https:\/\/api.w.org\/{rel}","templated":true}]}}