{"id":17148,"date":"2023-08-11T15:03:25","date_gmt":"2023-08-11T13:03:25","guid":{"rendered":"http:\/\/parafia.niepokalanow.pl\/?p=17148"},"modified":"2023-08-11T15:03:25","modified_gmt":"2023-08-11T13:03:25","slug":"ogloszenia-xix-niedziela-zwykla-13-08-2023","status":"publish","type":"post","link":"https:\/\/parafia.niepokalanow.pl\/?p=17148","title":{"rendered":"Og\u0142oszenia XIX Niedziela zwyk\u0142a 13.08.2023"},"content":{"rendered":"<ol>\n<li>W ubieg\u0142y weekend go\u015bcili\u015bmy w naszej parafii <strong>p\u0105tnik\u00f3w pielgrzymuj\u0105cych na Jasn\u0105 G\u00f3r\u0119<\/strong>. Z serca dzi\u0119kujemy wszystkim osobom za pomoc w przygotowaniu posi\u0142k\u00f3w i podj\u0119ciu pielgrzym\u00f3w oraz wszystkim darczy\u0144com za ofiarowane jogurty, wod\u0119, ciasta, warzywa, owoce i wszelkie inne produkty.<\/li>\n<li>Zapraszamy dzi\u015b o 17.00 na <strong>Nabo\u017ce\u0144stwo Fatimskie<\/strong> z procesj\u0105 wok\u00f3\u0142 Bazyliki.<\/li>\n<li>Trwa <strong>Wielkie Zawierzenie<\/strong> Niepokalanemu Sercu Maryi. Dzisiaj zawierzamy Maryi instytucje kultury i edukacji. Jutro b\u0119dziemy zawierza\u0107 rodziny. We wtorek we Wniebowzi\u0119cie NMP zawierzenie na ka\u017cdej Mszy \u015bw. Naszym go\u015bciem jest Jean Marie Setbon, nawr\u00f3cony rabin z Pary\u017ca, kt\u00f3ry dzisiaj wyg\u0142osi konferencje po Mszy \u015bw. o 10.00, po Koronce do Bo\u017cego Mi\u0142osierdzia i po nabo\u017ce\u0144stwie o 17.00, jutro za\u015b po Mszach \u015bw. o 11.00 i 18.00 oraz po Koronce.<\/li>\n<li>Jutro <strong>Uroczysto\u015b\u0107 \u015bw. Maksymiliana<\/strong>. Z tej racji Msza \u015bw. wsp\u00f3lnoty klasztornej o godz.\u00a07.00 w Kaplicy \u015bw. Maksymiliana. O 11.00 Mszy \u015bw. z udzia\u0142em energetyk\u00f3w i elektryk\u00f3w b\u0119dzie przewodniczy\u0142 bp Joachim Ou\u00e9draogo z Burkina Faso. Po Mszy \u015bw. zostan\u0105 z\u0142o\u017cone kwiaty przy pomniku Za\u0142o\u017cyciela Niepokalanowa. O 17.00 w Kaplicy \u015bw. Maksymiliana rozpocznie si\u0119 nabo\u017ce\u0144stwo <strong>Transitus<\/strong>, upami\u0119tniaj\u0105ce \u015bmier\u0107 o. Kolbego. Pocz\u0105tek nabo\u017ce\u0144stwa w Kaplicy \u015bw. Maksymiliana, nast\u0119pnie przej\u015bcie do jego celi i zako\u0144czenie w Bazylice. Wieczorem w Bazylice Wsp\u00f3lnota Guadalupe z Lublina poprowadzi Rodzinny Wieczernik R\u00f3\u017ca\u0144cowy oraz wiecz\u00f3r uwielbienia zako\u0144czony Msz\u0105 \u015bw. o 23.00 i ca\u0142onocn\u0105 adoracj\u0105 Naj\u015bwi\u0119tszego Sakramentu.<\/li>\n<li>Zako\u0144czenie Wielkiego Zawierzenia we wtorek w <strong>Uroczysto\u015b\u0107 Wniebowzi\u0119cia NMP<\/strong>. Na wszystkich Mszach \u015bw. akt oddania Niepokalanej oraz b\u0142ogos\u0142awie\u0144stwo zi\u00f3\u0142 i kwiat\u00f3w. G\u0142\u00f3wna Msza \u015bw. pod przewodnictwem bp. Stanis\u0142awa Dowlaszewicza z Boliwii na o\u0142tarzu polowym o 11.30. Poprzedzi j\u0105 konferencja, \u015bwiadectwa i \u015bpiew Wsp\u00f3lnoty Guadalupe. Po Mszy \u015bw. przed Naj\u015bwi\u0119tszym Sakramentem zostanie zainicjowana Krucjata R\u00f3\u017ca\u0144cowa Dzieci i ich Rodzin za Polsk\u0119 i Polak\u00f3w. O godzinie 15.00 Koronka do Bo\u017cego Mi\u0142osierdzia i <strong>Dr\u00f3\u017cki Matki Bo\u017cej<\/strong> wok\u00f3\u0142 Bazyliki.<\/li>\n<li>Zapraszamy na <strong>pielgrzymk\u0119<\/strong><strong> do Argentyny<\/strong> w lutym 2024 r. Szczeg\u00f3\u0142owe informacje na plakacie w gablocie.<\/li>\n<li>Po Mszy \u015bw. przy o\u0142tarzu \u015bw. Franciszka odb\u0119dzie si\u0119 <strong>po\u015bwi\u0119cenie dewocjonali\u00f3w<\/strong>.<\/li>\n<li>W tym tygodniu z naszej wsp\u00f3lnoty parafialnej odszed\u0142 do wieczno\u015bci: \u015bp.\u00a0Ryszard Kosmala, l. 88 z Teresina. <em>Wieczny odpoczynek racz mu da\u0107, Panie\u2026<\/em><\/li>\n<\/ol>\n","protected":false},"excerpt":{"rendered":"<p>W ubieg\u0142y weekend go\u015bcili\u015bmy w naszej parafii p\u0105tnik\u00f3w pielgrzymuj\u0105cych na Jasn\u0105 G\u00f3r\u0119. Z serca dzi\u0119kujemy wszystkim osobom za pomoc w przygotowaniu posi\u0142k\u00f3w i podj\u0119ciu pielgrzym\u00f3w oraz wszystkim darczy\u0144com za ofiarowane [&hellip;]<\/p>\n","protected":false},"author":2,"featured_media":16338,"comment_status":"closed","ping_status":"open","sticky":false,"template":"","format":"standard","meta":{"footnotes":""},"categories":[1],"tags":[],"class_list":["post-17148","post","type-post","status-publish","format-standard","has-post-thumbnail","hentry","category-bez-kategorii"],"_links":{"self":[{"href":"https:\/\/parafia.niepokalanow.pl\/index.php?rest_route=\/wp\/v2\/posts\/17148","targetHints":{"allow":["GET"]}}],"collection":[{"href":"https:\/\/parafia.niepokalanow.pl\/index.php?rest_route=\/wp\/v2\/posts"}],"about":[{"href":"https:\/\/parafia.niepokalanow.pl\/index.php?rest_route=\/wp\/v2\/types\/post"}],"author":[{"embeddable":true,"href":"https:\/\/parafia.niepokalanow.pl\/index.php?rest_route=\/wp\/v2\/users\/2"}],"replies":[{"embeddable":true,"href":"https:\/\/parafia.niepokalanow.pl\/index.php?rest_route=%2Fwp%2Fv2%2Fcomments&post=17148"}],"version-history":[{"count":0,"href":"https:\/\/parafia.niepokalanow.pl\/index.php?rest_route=\/wp\/v2\/posts\/17148\/revisions"}],"wp:featuredmedia":[{"embeddable":true,"href":"https:\/\/parafia.niepokalanow.pl\/index.php?rest_route=\/wp\/v2\/media\/16338"}],"wp:attachment":[{"href":"https:\/\/parafia.niepokalanow.pl\/index.php?rest_route=%2Fwp%2Fv2%2Fmedia&parent=17148"}],"wp:term":[{"taxonomy":"category","embeddable":true,"href":"https:\/\/parafia.niepokalanow.pl\/index.php?rest_route=%2Fwp%2Fv2%2Fcategories&post=17148"},{"taxonomy":"post_tag","embeddable":true,"href":"https:\/\/parafia.niepokalanow.pl\/index.php?rest_route=%2Fwp%2Fv2%2Ftags&post=17148"}],"curies":[{"name":"wp","href":"https:\/\/api.w.org\/{rel}","templated":true}]}}