{"id":17141,"date":"2023-08-04T14:04:01","date_gmt":"2023-08-04T12:04:01","guid":{"rendered":"http:\/\/parafia.niepokalanow.pl\/?p=17141"},"modified":"2023-08-05T11:06:17","modified_gmt":"2023-08-05T09:06:17","slug":"ogloszenia-xviii-niedziela-zwykla-06-08-2023","status":"publish","type":"post","link":"https:\/\/parafia.niepokalanow.pl\/?p=17141","title":{"rendered":"Og\u0142oszenia XVIII Niedziela zwyk\u0142a 06.08.2023"},"content":{"rendered":"<ol>\n<li>W tym tygodniu <strong>w liturgii obchodzimy nast\u0119puj\u0105ce \u015bwi\u0119ta<\/strong>: we wtorek \u015bw. Ojca Dominika, w \u015brod\u0119 \u015bw. Teresy Benedykty od Krzy\u017ca, w czwartek \u015bw. Wawrzy\u0144ca i w pi\u0105tek \u015bw. Klary.<\/li>\n<li>Dzi\u015b z racji I niedzieli miesi\u0105ca nabo\u017ce\u0144stwo o godz. 17.00 b\u0119dzie po\u0142\u0105czone z <strong>procesj\u0105 eucharystyczn\u0105.<\/strong> Zapraszamy do udzia\u0142u asyst\u0119 liturgiczn\u0105, ministrant\u00f3w, biel i dziewczynki sypi\u0105ce kwiaty.<\/li>\n<li>Dzisiaj nast\u0105pi uroczyste zako\u0144czenie <strong>\u015awiatowych Dni M\u0142odzie\u017cy<\/strong> w Lizbonie. Otoczmy modlitw\u0105 wszystkich uczestnik\u00f3w, aby Duch \u015awi\u0119ty rozpali\u0142 ich serca i uzdolni\u0142 do g\u0142oszenia z odwag\u0105 w swoim \u015brodowisku Jezusa, naszego jedynego Zbawiciela.<\/li>\n<li>W dniach 6-15 sierpnia w naszym sanktuarium odb\u0119dzie si\u0119 VI edycja <strong>Wielkiego Zawierzenia Niepokalanemu Sercu Maryi<\/strong>. W tym roku tematem przewodnim jest pytanie \u015bw. Maksymiliana: <em>Kim jeste\u015b, Niepokalana?<\/em> Na to pytanie postaraj\u0105 si\u0119 odpowiedzie\u0107 nasi go\u015bcie: bp\u00a0Joachim Ou\u00e9draogo z Burkina Faso, bp Stanis\u0142aw Dowlaszewicz z Boliwii, o. Pawe\u0142 Warcho\u0142, Wincenty \u0141aszewski, Anna Krogulska, Dorota Ha\u0142asa, Jean-Marie Elie Setbon, nawr\u00f3cony rabin z Pary\u017ca, oraz Wsp\u00f3lnota Guadalupe z Lublina. Codziennie w programie Msza \u015bw. z nauk\u0105, adoracja Naj\u015bwi\u0119tszego Sakramentu z modlitw\u0105 r\u00f3\u017ca\u0144cow\u0105 oraz po trzy konferencje: po Mszach \u015bw. o 11.00 i 18.00 oraz po Koronce do Bo\u017cego Mi\u0142osierdzia o 15.00. Ka\u017cdego dnia zawierzamy kolejne dziedziny \u017cycia osobistego, rodzinnego i spo\u0142ecznego. Szczeg\u00f3\u0142owy program na ulotkach przy wyj\u015bciu z ko\u015bcio\u0142a i na stronie internetowej sanktuarium.<\/li>\n<li>W sobot\u0119 odb\u0119dzie si\u0119 <strong>Nocna Pielgrzymka Pokutna<\/strong> z Miedniewic do Niepokalanowa oraz czuwanie modlitewne w Bazylice. Wyjazd pielgrzym\u00f3w autokarami sprzed domu parafialnego o 20.00. Zapisy u p. Ani W\u0142odarczyk, telefon w gablocie. Pocz\u0105tek czuwania o 20.30. Na zako\u0144czenie wsp\u00f3lna Msza \u015bw. w Bazylice w niedziel\u0119 o 5.45.<\/li>\n<li>Za tydzie\u0144 w niedziel\u0119 <strong>Nabo\u017ce\u0144stwo Fatimskie<\/strong> z procesj\u0105 wok\u00f3\u0142 Bazyliki o godz. 17.00.<\/li>\n<li>Zapraszamy do udzia\u0142u w <strong>odpu\u015bcie<\/strong> z racji Uroczysto\u015bci <strong>\u015bw. Maksymiliana<\/strong> 14 sierpnia. O godz. 11.00 uroczystej Mszy \u015bw. b\u0119dzie przewodniczy\u0142 J.E. Ks. Bp Joachim Ouedraogo (<em> \u0142edraogo<\/em>) z Koudougou (<em>czyt. kudugu<\/em>) w Burkina Faso. Po po\u0142udniu o godz. 17.00 &#8211; Transitus \u015bw. Maksymiliana. Nast\u0119pnego dnia zapraszamy na odpust z racji Uroczysto\u015bci <strong>Wniebowzi\u0119cia NMP<\/strong>. O godz. 11.30 Mszy \u015bw. odpustowej b\u0119dzie przewodniczy\u0142 J.E. O. Bp Stanis\u0142aw Dowlaszewicz z Boliwii. O godz. 15.00 nabo\u017ce\u0144stwo Dr\u00f3\u017cek Matki Bo\u017cej.<\/li>\n<li>Po Mszy \u015bw. przy o\u0142tarzu \u015bw. Franciszka odb\u0119dzie si\u0119 <strong>po\u015bwi\u0119cenie dewocjonali\u00f3w<\/strong>.<\/li>\n<li>Og\u0142oszenie nt. Rycerza M\u0142odych<\/li>\n<li>Wczoraj wyruszy\u0142a 17. pielgrzymka zaprzyja\u017anionej z Niepokalanowem grupy <strong>Pielgrzym\u00f3w Bo\u017cego Mi\u0142osierdzia<\/strong> &#8211; wsp\u00f3lnoty nawr\u00f3conych wi\u0119\u017ani\u00f3w. Pod has\u0142em \u201eTylko mi\u0142o\u015b\u0107 jest tw\u00f3rcza\u201d z relikwiami i ikon\u0105 \u015bw. Maksymiliana przemierzaj\u0105 pieszo Niemcy kre\u015bl\u0105c na nich krzy\u017c. Jedna cz\u0119\u015b\u0107 grupy idzie z zachodu na wsch\u00f3d, a druga &#8211; z po\u0142udnia na p\u00f3\u0142noc. Dwa ramiona przetn\u0105 si\u0119 14 sierpnia w Hanowerze w parafii \u015bw.\u00a0Maksymiliana. Wesprzyjmy ich teraz wsp\u00f3ln\u0105 modlitw\u0105: <em>Pod Twoj\u0105 obron\u0119\u2026<\/em><\/li>\n<li>W tym tygodniu z naszej wsp\u00f3lnoty parafialnej odszed\u0142 do wieczno\u015bci: \u015bp. Marek Odorowicz, l. 77 z Teresina. <em>Wieczny odpoczynek racz mu da\u0107, Panie&#8230;<\/em><\/li>\n<\/ol>\n","protected":false},"excerpt":{"rendered":"<p>W tym tygodniu w liturgii obchodzimy nast\u0119puj\u0105ce \u015bwi\u0119ta: we wtorek \u015bw. Ojca Dominika, w \u015brod\u0119 \u015bw. Teresy Benedykty od Krzy\u017ca, w czwartek \u015bw. Wawrzy\u0144ca i w pi\u0105tek \u015bw. Klary. Dzi\u015b [&hellip;]<\/p>\n","protected":false},"author":2,"featured_media":17142,"comment_status":"closed","ping_status":"open","sticky":false,"template":"","format":"standard","meta":{"footnotes":""},"categories":[1],"tags":[],"class_list":["post-17141","post","type-post","status-publish","format-standard","has-post-thumbnail","hentry","category-bez-kategorii"],"_links":{"self":[{"href":"https:\/\/parafia.niepokalanow.pl\/index.php?rest_route=\/wp\/v2\/posts\/17141","targetHints":{"allow":["GET"]}}],"collection":[{"href":"https:\/\/parafia.niepokalanow.pl\/index.php?rest_route=\/wp\/v2\/posts"}],"about":[{"href":"https:\/\/parafia.niepokalanow.pl\/index.php?rest_route=\/wp\/v2\/types\/post"}],"author":[{"embeddable":true,"href":"https:\/\/parafia.niepokalanow.pl\/index.php?rest_route=\/wp\/v2\/users\/2"}],"replies":[{"embeddable":true,"href":"https:\/\/parafia.niepokalanow.pl\/index.php?rest_route=%2Fwp%2Fv2%2Fcomments&post=17141"}],"version-history":[{"count":0,"href":"https:\/\/parafia.niepokalanow.pl\/index.php?rest_route=\/wp\/v2\/posts\/17141\/revisions"}],"wp:featuredmedia":[{"embeddable":true,"href":"https:\/\/parafia.niepokalanow.pl\/index.php?rest_route=\/wp\/v2\/media\/17142"}],"wp:attachment":[{"href":"https:\/\/parafia.niepokalanow.pl\/index.php?rest_route=%2Fwp%2Fv2%2Fmedia&parent=17141"}],"wp:term":[{"taxonomy":"category","embeddable":true,"href":"https:\/\/parafia.niepokalanow.pl\/index.php?rest_route=%2Fwp%2Fv2%2Fcategories&post=17141"},{"taxonomy":"post_tag","embeddable":true,"href":"https:\/\/parafia.niepokalanow.pl\/index.php?rest_route=%2Fwp%2Fv2%2Ftags&post=17141"}],"curies":[{"name":"wp","href":"https:\/\/api.w.org\/{rel}","templated":true}]}}