{"id":17117,"date":"2023-07-28T11:26:47","date_gmt":"2023-07-28T09:26:47","guid":{"rendered":"http:\/\/parafia.niepokalanow.pl\/?p=17117"},"modified":"2023-07-28T11:26:47","modified_gmt":"2023-07-28T09:26:47","slug":"ogloszenia-xvii-niedziela-zwykla-30-07-2023","status":"publish","type":"post","link":"https:\/\/parafia.niepokalanow.pl\/?p=17117","title":{"rendered":"Og\u0142oszenia XVII Niedziela zwyk\u0142a 30.07.2023"},"content":{"rendered":"<ol>\n<li>W tym tygodniu <strong>w liturgii obchodzimy<\/strong>: w poniedzia\u0142ek wspomnienie \u015bw. Ignacego Loyoli, we wtorek wspomnienie \u015bw. Alfonsa Marii Liguoriego, w \u015brod\u0119 \u015bwi\u0119to NMP Anielskiej z Porcjunkuli, w pi\u0105tek wspomnienie \u015bw. Jana Marii Vianney\u2019a.<\/li>\n<li>We wtorek przypada 79. rocznica wybuchu <strong>Powstania Warszawskiego<\/strong>. O godz. 17.00 zabrzmi\u0105 dzwony w ca\u0142ej archidiecezji jako wyraz ho\u0142du poleg\u0142ym i \u017cyj\u0105cym Powsta\u0144com oraz mieszka\u0144com Stolicy. Pami\u0119tajmy o bohaterach w naszych modlitwach.<\/li>\n<li>W \u015brod\u0119 mo\u017cna zyska\u0107 odpust zupe\u0142ny, tzw. <strong>odpust Porcjunkuli<\/strong>, pod zwyk\u0142ymi warunkami za nawiedzenie ko\u015bcio\u0142a franciszka\u0144skiego lub parafialnego i odm\u00f3wienie \u201eOjcze nasz\u201d oraz \u201eWierz\u0119\u201d. Mo\u017cna go ofiarowa\u0107 za siebie lub za dusz\u0119 w czy\u015b\u0107cu cierpi\u0105c\u0105.<\/li>\n<li>W <strong>I czwartek miesi\u0105ca<\/strong> zapraszamy o godz. 18.00 na Msz\u0119 \u015bw. i nabo\u017ce\u0144stwo godziny \u015bwi\u0119tej w intencji licznych i \u015bwi\u0119tych powo\u0142a\u0144 kap\u0142a\u0144skich. W <strong>I pi\u0105tek<\/strong> zach\u0119camy dzieci, m\u0142odzie\u017c i doros\u0142ych do spowiedzi przez ca\u0142y dzie\u0144 i do uczestnictwa we Mszy \u015bw. i Komunii wynagradzaj\u0105cej Naj\u015bwi\u0119tszemu Sercu Pana Jezusa. Chorych odwiedzimy w I pi\u0105tek wrze\u015bnia.<\/li>\n<li>W sobot\u0119 przyb\u0119d\u0105 do nas <strong>pielgrzymi z diecezji e\u0142ckiej<\/strong> w\u00a0liczbie ok. 270 os\u00f3b, kt\u00f3rych po Mszy \u015bw. o godz. 9.00 podejmiemy posi\u0142kiem. Przygotowanie posi\u0142ku b\u0119dzie w sobot\u0119 od\u00a0godz. 8.00 rano w domu pielgrzyma. W niedziel\u0119 za\u015b przyb\u0119dzie do nas <strong>Warszawska Akademicka Pielgrzymka Metropolitalna<\/strong> w\u00a0liczbie ok. 2800 os\u00f3b. Msza \u015bw. dla pielgrzym\u00f3w b\u0119dzie sprawowana przy o\u0142tarzu polowym o\u00a0godz. 10.00, za\u015b po Eucharystii \u2013 pocz\u0119stunek dla pielgrzym\u00f3w. Przygotowanie posi\u0142ku b\u0119dzie w niedziel\u0119 od godz. 6.00 w domu pielgrzyma. Tam r\u00f3wnie\u017c mo\u017cna przynosi\u0107 napoje, ciasta, owoce i warzywa. Serdecznie dzi\u0119kujemy za ofiarno\u015b\u0107 i prosimy o pomoc w przyj\u0119ciu p\u0105tnik\u00f3w.<\/li>\n<li>Wszystkich, kt\u00f3rzy pragn\u0105 w\u0142\u0105czy\u0107 si\u0119 we wsp\u00f3lne pielgrzymowanie<br \/>\nz naszej parafii w\u00a0grupie br\u0105zowej <strong> Warszawskiej Akademickiej Pielgrzymki Metropolitalnej<\/strong>, informujemy, \u017ce <strong>zapisy<\/strong> dokonuj\u0105 si\u0119 jedynie za po\u015brednictwem strony <a href=\"http:\/\/www.wapm.waw.pl\"><em>www.wapm.waw.pl<\/em><\/a>.<\/li>\n<li>W pi\u0105tek w Kaplicy \u015bw. Maksymiliana odb\u0119dzie si\u0119 <strong>czuwanie modlitewne przed pierwsz\u0105 sobot\u0105<\/strong>. W programie o 19.00 wystawienie Naj\u015bwi\u0119tszego Sakramentu, r\u00f3\u017caniec z rozwa\u017caniami, Msza \u015bw. po apelu o 21.00.<\/li>\n<li>W sobot\u0119 spotkanie <strong>\u201eOddaj si\u0119 Maryi\u201d<\/strong>. O 9.30 konferencja i \u015bwiadectwa w sali \u015bw. Bonawentury, o 11.00 Msza \u015bw. z zawierzeniem wszelkich spraw Niepokalanej, nast\u0119pnie Nabo\u017ce\u0144stwo Wynagradzaj\u0105ce. Go\u015bciem spotkania b\u0119dzie saletyn ks. Dariusz Rozum, kt\u00f3ry na Mszy wyg\u0142osi kazanie a o godz. 14.00 konferencj\u0119 pt. <em>R\u00f3\u017caniec i Psalmy<\/em>. Zako\u0144czenie Koronk\u0105 do Bo\u017cego Mi\u0142osierdzia o 15.00.<\/li>\n<li>W dniach 6-15 sierpnia odb\u0119dzie si\u0119 <strong>Wielkie Zawierzenie Niepokalanemu Sercu Maryi<\/strong>. Szczeg\u00f3\u0142owy program na stronie Niepokalan\u00f3w.pl i na ulotkach wy\u0142o\u017conych przy wyj\u015bciu z Bazyliki.<\/li>\n<li>Po Mszy \u015bw. przy o\u0142tarzu \u015bw. Franciszka odb\u0119dzie si\u0119 <strong>po\u015bwi\u0119cenie dewocjonali\u00f3w<\/strong>.<\/li>\n<li>Hospicjum w Bramkach \u2013 og\u0142asza przedstawiciel.<\/li>\n<li>W tym tygodniu z naszej wsp\u00f3lnoty parafialnej odeszli do wieczno\u015bci: \u015bp. Teresa D\u0105browska, l. 88 z Granic, \u015bp. Maria \u015awi\u015b, l. 72 z Topo\u0142owej i \u015bp. W\u0142odzimierz Skrzos, l. 51 z Granic. <em>Wieczny odpoczynek racz im da\u0107, Panie\u2026<\/em><\/li>\n<\/ol>\n","protected":false},"excerpt":{"rendered":"<p>W tym tygodniu w liturgii obchodzimy: w poniedzia\u0142ek wspomnienie \u015bw. Ignacego Loyoli, we wtorek wspomnienie \u015bw. Alfonsa Marii Liguoriego, w \u015brod\u0119 \u015bwi\u0119to NMP Anielskiej z Porcjunkuli, w pi\u0105tek wspomnienie \u015bw. [&hellip;]<\/p>\n","protected":false},"author":2,"featured_media":17118,"comment_status":"closed","ping_status":"open","sticky":false,"template":"","format":"standard","meta":{"footnotes":""},"categories":[1],"tags":[],"class_list":["post-17117","post","type-post","status-publish","format-standard","has-post-thumbnail","hentry","category-bez-kategorii"],"_links":{"self":[{"href":"https:\/\/parafia.niepokalanow.pl\/index.php?rest_route=\/wp\/v2\/posts\/17117","targetHints":{"allow":["GET"]}}],"collection":[{"href":"https:\/\/parafia.niepokalanow.pl\/index.php?rest_route=\/wp\/v2\/posts"}],"about":[{"href":"https:\/\/parafia.niepokalanow.pl\/index.php?rest_route=\/wp\/v2\/types\/post"}],"author":[{"embeddable":true,"href":"https:\/\/parafia.niepokalanow.pl\/index.php?rest_route=\/wp\/v2\/users\/2"}],"replies":[{"embeddable":true,"href":"https:\/\/parafia.niepokalanow.pl\/index.php?rest_route=%2Fwp%2Fv2%2Fcomments&post=17117"}],"version-history":[{"count":0,"href":"https:\/\/parafia.niepokalanow.pl\/index.php?rest_route=\/wp\/v2\/posts\/17117\/revisions"}],"wp:featuredmedia":[{"embeddable":true,"href":"https:\/\/parafia.niepokalanow.pl\/index.php?rest_route=\/wp\/v2\/media\/17118"}],"wp:attachment":[{"href":"https:\/\/parafia.niepokalanow.pl\/index.php?rest_route=%2Fwp%2Fv2%2Fmedia&parent=17117"}],"wp:term":[{"taxonomy":"category","embeddable":true,"href":"https:\/\/parafia.niepokalanow.pl\/index.php?rest_route=%2Fwp%2Fv2%2Fcategories&post=17117"},{"taxonomy":"post_tag","embeddable":true,"href":"https:\/\/parafia.niepokalanow.pl\/index.php?rest_route=%2Fwp%2Fv2%2Ftags&post=17117"}],"curies":[{"name":"wp","href":"https:\/\/api.w.org\/{rel}","templated":true}]}}