{"id":17113,"date":"2023-07-21T17:47:56","date_gmt":"2023-07-21T15:47:56","guid":{"rendered":"http:\/\/parafia.niepokalanow.pl\/?p=17113"},"modified":"2023-07-21T17:47:56","modified_gmt":"2023-07-21T15:47:56","slug":"ogloszenia-xvi-niedziela-zwykla-23-07-2023","status":"publish","type":"post","link":"https:\/\/parafia.niepokalanow.pl\/?p=17113","title":{"rendered":"Og\u0142oszenia XVI Niedziela zwyk\u0142a 23.07.2023"},"content":{"rendered":"<ol>\n<li>W tym tygodniu <strong>w liturgii obchodzimy<\/strong>: w poniedzia\u0142ek wspomnienie \u015bw. Kingi, we wtorek \u015bwi\u0119to \u015bw. Jakuba Aposto\u0142a, w \u015brod\u0119 wspomnienie \u015bwi\u0119tych Joachima i Anny, w sobot\u0119 wspomnienie \u015bwi\u0119tych Marty, Marii i \u0141azarza.<\/li>\n<li>Dzi\u015b po Mszach zbieramy <strong>do puszek<\/strong> <strong>ofiary <\/strong>na zakup produkt\u00f3w \u017cywno\u015bciowych na pocz\u0119stunek <strong>dla pielgrzym\u00f3w z E\u0142ku i Warszawy<\/strong>, kt\u00f3rzy przyb\u0119d\u0105 do naszego Sanktuarium na pocz\u0105tku sierpnia. Puszki znajduj\u0105 si\u0119 na balaskach przy o\u0142tarzu.<\/li>\n<li>Z racji wspomnienia <strong>\u015bw. Krzysztofa<\/strong>, patrona kierowc\u00f3w i podr\u00f3\u017cuj\u0105cych, we wtorek po Mszy \u015bw. o godz. 11.00 i 18.00 nast\u0105pi po\u015bwi\u0119cenie pojazd\u00f3w na parkingu przy Bazylice.<\/li>\n<li>W sobot\u0119 odb\u0119dzie si\u0119 Og\u00f3lnopolski Dzie\u0144 Modlitwy Rycerstwa Niepokalanej pod has\u0142em: <strong>Z Maryj\u0105 wierzymy w Ko\u015bci\u00f3\u0142 Chrystusowy. <\/strong>Program szczeg\u00f3\u0142owy w gablocie.<\/li>\n<li>Po Mszy \u015bw. przy o\u0142tarzu \u015bw. Franciszka odb\u0119dzie si\u0119 <strong>po\u015bwi\u0119cenie dewocjonali\u00f3w<\/strong>.<\/li>\n<li>W tym tygodniu z naszej wsp\u00f3lnoty parafialnej odeszli do wieczno\u015bci:<br \/>\n\u015bp. Andrzej Maciaszek, l. 65 z Teresina, \u015bp. Roman Jak\u00f3bczak, l. 65 z Teresina oraz \u015bp. Barbara Jaworska, l. 70 z Paprotni. <em>Wieczny odpoczynek racz im da\u0107, Panie\u2026<\/em><\/li>\n<\/ol>\n","protected":false},"excerpt":{"rendered":"<p>W tym tygodniu w liturgii obchodzimy: w poniedzia\u0142ek wspomnienie \u015bw. Kingi, we wtorek \u015bwi\u0119to \u015bw. Jakuba Aposto\u0142a, w \u015brod\u0119 wspomnienie \u015bwi\u0119tych Joachima i Anny, w sobot\u0119 wspomnienie \u015bwi\u0119tych Marty, Marii [&hellip;]<\/p>\n","protected":false},"author":2,"featured_media":17114,"comment_status":"closed","ping_status":"open","sticky":false,"template":"","format":"standard","meta":{"footnotes":""},"categories":[1],"tags":[],"class_list":["post-17113","post","type-post","status-publish","format-standard","has-post-thumbnail","hentry","category-bez-kategorii"],"_links":{"self":[{"href":"https:\/\/parafia.niepokalanow.pl\/index.php?rest_route=\/wp\/v2\/posts\/17113","targetHints":{"allow":["GET"]}}],"collection":[{"href":"https:\/\/parafia.niepokalanow.pl\/index.php?rest_route=\/wp\/v2\/posts"}],"about":[{"href":"https:\/\/parafia.niepokalanow.pl\/index.php?rest_route=\/wp\/v2\/types\/post"}],"author":[{"embeddable":true,"href":"https:\/\/parafia.niepokalanow.pl\/index.php?rest_route=\/wp\/v2\/users\/2"}],"replies":[{"embeddable":true,"href":"https:\/\/parafia.niepokalanow.pl\/index.php?rest_route=%2Fwp%2Fv2%2Fcomments&post=17113"}],"version-history":[{"count":0,"href":"https:\/\/parafia.niepokalanow.pl\/index.php?rest_route=\/wp\/v2\/posts\/17113\/revisions"}],"wp:featuredmedia":[{"embeddable":true,"href":"https:\/\/parafia.niepokalanow.pl\/index.php?rest_route=\/wp\/v2\/media\/17114"}],"wp:attachment":[{"href":"https:\/\/parafia.niepokalanow.pl\/index.php?rest_route=%2Fwp%2Fv2%2Fmedia&parent=17113"}],"wp:term":[{"taxonomy":"category","embeddable":true,"href":"https:\/\/parafia.niepokalanow.pl\/index.php?rest_route=%2Fwp%2Fv2%2Fcategories&post=17113"},{"taxonomy":"post_tag","embeddable":true,"href":"https:\/\/parafia.niepokalanow.pl\/index.php?rest_route=%2Fwp%2Fv2%2Ftags&post=17113"}],"curies":[{"name":"wp","href":"https:\/\/api.w.org\/{rel}","templated":true}]}}