{"id":15287,"date":"2021-07-09T20:41:14","date_gmt":"2021-07-09T18:41:14","guid":{"rendered":"http:\/\/parafia.niepokalanow.pl\/?p=15287"},"modified":"2021-07-09T20:41:14","modified_gmt":"2021-07-09T18:41:14","slug":"apel-metropolity-warszawskiego-dotyczacy-szczepien-przeciw-covid-19","status":"publish","type":"post","link":"https:\/\/parafia.niepokalanow.pl\/?p=15287","title":{"rendered":"Apel metropolity warszawskiego dotycz\u0105cy szczepie\u0144 przeciw COVID-19"},"content":{"rendered":"<p>Zapraszamy do zapoznania si\u0119 z apelem naszego Ordynariusza J.E. Ks. Kazimierza Kardyna\u0142a Nycza:<\/p>\n<p><a href=\"https:\/\/archwwa.pl\/aktualnosci\/prosba-metropolity-warszawskiego-dotyczaca-szczepien-przeciw-covid-19-list\/\">https:\/\/archwwa.pl\/aktualnosci\/prosba-metropolity-warszawskiego-dotyczaca-szczepien-przeciw-covid-19-list\/<\/a><\/p>\n","protected":false},"excerpt":{"rendered":"<p>Zapraszamy do zapoznania si\u0119 z apelem naszego Ordynariusza J.E. Ks. Kazimierza Kardyna\u0142a Nycza: https:\/\/archwwa.pl\/aktualnosci\/prosba-metropolity-warszawskiego-dotyczaca-szczepien-przeciw-covid-19-list\/<\/p>\n","protected":false},"author":2,"featured_media":15288,"comment_status":"closed","ping_status":"open","sticky":false,"template":"","format":"standard","meta":{"footnotes":""},"categories":[1],"tags":[],"class_list":["post-15287","post","type-post","status-publish","format-standard","has-post-thumbnail","hentry","category-bez-kategorii"],"_links":{"self":[{"href":"https:\/\/parafia.niepokalanow.pl\/index.php?rest_route=\/wp\/v2\/posts\/15287","targetHints":{"allow":["GET"]}}],"collection":[{"href":"https:\/\/parafia.niepokalanow.pl\/index.php?rest_route=\/wp\/v2\/posts"}],"about":[{"href":"https:\/\/parafia.niepokalanow.pl\/index.php?rest_route=\/wp\/v2\/types\/post"}],"author":[{"embeddable":true,"href":"https:\/\/parafia.niepokalanow.pl\/index.php?rest_route=\/wp\/v2\/users\/2"}],"replies":[{"embeddable":true,"href":"https:\/\/parafia.niepokalanow.pl\/index.php?rest_route=%2Fwp%2Fv2%2Fcomments&post=15287"}],"version-history":[{"count":0,"href":"https:\/\/parafia.niepokalanow.pl\/index.php?rest_route=\/wp\/v2\/posts\/15287\/revisions"}],"wp:featuredmedia":[{"embeddable":true,"href":"https:\/\/parafia.niepokalanow.pl\/index.php?rest_route=\/wp\/v2\/media\/15288"}],"wp:attachment":[{"href":"https:\/\/parafia.niepokalanow.pl\/index.php?rest_route=%2Fwp%2Fv2%2Fmedia&parent=15287"}],"wp:term":[{"taxonomy":"category","embeddable":true,"href":"https:\/\/parafia.niepokalanow.pl\/index.php?rest_route=%2Fwp%2Fv2%2Fcategories&post=15287"},{"taxonomy":"post_tag","embeddable":true,"href":"https:\/\/parafia.niepokalanow.pl\/index.php?rest_route=%2Fwp%2Fv2%2Ftags&post=15287"}],"curies":[{"name":"wp","href":"https:\/\/api.w.org\/{rel}","templated":true}]}}