{"id":15272,"date":"2021-07-01T22:49:32","date_gmt":"2021-07-01T20:49:32","guid":{"rendered":"http:\/\/parafia.niepokalanow.pl\/?p=15272"},"modified":"2021-07-03T13:36:53","modified_gmt":"2021-07-03T11:36:53","slug":"xiv-niedziela-zwykla-04-07-2021","status":"publish","type":"post","link":"https:\/\/parafia.niepokalanow.pl\/?p=15272","title":{"rendered":"XIV NIEDZIELA ZWYK\u0141A 04.07.2021"},"content":{"rendered":"<ol>\n<li>Przypominamy, \u017ce w wakacje <strong>kancelaria parafialna<\/strong> we wtorki i czwartki b\u0119dzie czynna tylko w godz. 9.00-10.00 a w pozosta\u0142e dni &#8211; bez zmian.<\/li>\n<li>Od najbli\u017cszej \u015brody wprowadzamy <strong>Nabo\u017ce\u0144stwo Pierwszych \u015ar\u00f3d Miesi\u0105ca<\/strong>. Jest to dope\u0142nienie pierwszych pi\u0105tk\u00f3w i sob\u00f3t, w kt\u00f3rych czcimy Naj\u015bwi\u0119tsze Serce Pana Jezusa i Niepokalane Serce NMP. W pierwsze \u015brody modli\u0107 si\u0119 b\u0119dziemy po Mszy o godz. 18.00 do Przeczystego Serca \u015aw. J\u00f3zefa. W o\u0142tarzu \u015bw. J\u00f3zefa umieszczona b\u0119dzie Ikona przedstawiaj\u0105ca Jego Serce, kt\u00f3r\u0105 wczoraj uroczy\u015bcie po\u015bwi\u0119cili\u015bmy. Nabo\u017ce\u0144stwo zako\u0144czone b\u0119dzie indywidualnym b\u0142ogos\u0142awie\u0144stwem ikon\u0105. Zapraszamy, by \u015bwi\u0119temu J\u00f3zefowi zawierza\u0107 nasze rodziny.<\/li>\n<li>W sobot\u0119 odb\u0119dzie si\u0119 <strong>Spotkanie R\u00f3\u017ca\u0144ca Rodzin<\/strong>. Po\u00a0 Mszy \u015bw. o 11.00\u00a0 wystawienie Naj\u015bwi\u0119tszego Sakramentu i\u00a0 r\u00f3\u017caniec w intencjach Rodzin. W tym samym dniu w bazylice odb\u0119dzie si\u0119 <strong>Pielgrzymka Pokutna<\/strong> i czuwanie modlitewne. Odjazd pielgrzym\u00f3w do Miedniewic o 20.00 spod Domu Parafialnego. Zapisy u Pani Anny W\u0142odarczyk, telefon w gablocie. W Bazylice o 20.30 r\u00f3\u017caniec, Apel Maryjny, nast\u0119pnie Msza \u015bw., Droga Krzy\u017cowa i adoracja Naj\u015bwi\u0119tszego Sakramentu. Na zako\u0144czenie czuwania Msza \u015bw. o godz. 5.45.<\/li>\n<li>Zapraszamy do parafialnej kawiarenki \u201e<strong>Zau\u0142ek Anio\u0142\u00f3w<\/strong>\u201d znajduj\u0105cej si\u0119 za domem parafialnym, kt\u00f3ra jest czynna <strong>w ka\u017cdy weekend od 11.00 do 21.00<\/strong>.<\/li>\n<li>Rozpoczynamy <strong>prace remontowe w kaplicy na cmentarzu parafialnym<\/strong>. Wst\u0119pnie planujemy wymieni\u0107 okna, uszczelni\u0107 dach, odnowi\u0107 zakrysti\u0119, od\u015bwie\u017cy\u0107 prezbiterium i ociepli\u0107 budynek. Ilo\u015b\u0107 i czas wykonania prac zale\u017cy od \u015brodk\u00f3w, jakimi b\u0119dziemy dysponowa\u0107. Dlatego zwracamy si\u0119 do Parafian i os\u00f3b zwi\u0105zanych z Niepokalanowem o wsparcie finansowe. Ofiary na ten cel mo\u017cna sk\u0142ada\u0107 w kancelarii parafialnej b\u0105d\u017a dokonuj\u0105c przelewu na konto parafialne. Szczeg\u00f3\u0142y znajduj\u0105 si\u0119 na ulotkach wy\u0142o\u017conych pod ch\u00f3rem.<\/li>\n<li>W tym tygodniu z naszej wsp\u00f3lnoty parafialnej odszed\u0142 do wieczno\u015bci: \u015bp.\u00a0Stanis\u0142aw Ciesielski, l. 89 z Teresina. <em>Wieczny odpoczynek racz mu da\u0107 Panie\u2026<\/em><\/li>\n<\/ol>\n","protected":false},"excerpt":{"rendered":"<p>Przypominamy, \u017ce w wakacje kancelaria parafialna we wtorki i czwartki b\u0119dzie czynna tylko w godz. 9.00-10.00 a w pozosta\u0142e dni &#8211; bez zmian. Od najbli\u017cszej \u015brody wprowadzamy Nabo\u017ce\u0144stwo Pierwszych \u015ar\u00f3d [&hellip;]<\/p>\n","protected":false},"author":2,"featured_media":15273,"comment_status":"closed","ping_status":"open","sticky":false,"template":"","format":"standard","meta":{"footnotes":""},"categories":[1],"tags":[],"class_list":["post-15272","post","type-post","status-publish","format-standard","has-post-thumbnail","hentry","category-bez-kategorii"],"_links":{"self":[{"href":"https:\/\/parafia.niepokalanow.pl\/index.php?rest_route=\/wp\/v2\/posts\/15272","targetHints":{"allow":["GET"]}}],"collection":[{"href":"https:\/\/parafia.niepokalanow.pl\/index.php?rest_route=\/wp\/v2\/posts"}],"about":[{"href":"https:\/\/parafia.niepokalanow.pl\/index.php?rest_route=\/wp\/v2\/types\/post"}],"author":[{"embeddable":true,"href":"https:\/\/parafia.niepokalanow.pl\/index.php?rest_route=\/wp\/v2\/users\/2"}],"replies":[{"embeddable":true,"href":"https:\/\/parafia.niepokalanow.pl\/index.php?rest_route=%2Fwp%2Fv2%2Fcomments&post=15272"}],"version-history":[{"count":0,"href":"https:\/\/parafia.niepokalanow.pl\/index.php?rest_route=\/wp\/v2\/posts\/15272\/revisions"}],"wp:featuredmedia":[{"embeddable":true,"href":"https:\/\/parafia.niepokalanow.pl\/index.php?rest_route=\/wp\/v2\/media\/15273"}],"wp:attachment":[{"href":"https:\/\/parafia.niepokalanow.pl\/index.php?rest_route=%2Fwp%2Fv2%2Fmedia&parent=15272"}],"wp:term":[{"taxonomy":"category","embeddable":true,"href":"https:\/\/parafia.niepokalanow.pl\/index.php?rest_route=%2Fwp%2Fv2%2Fcategories&post=15272"},{"taxonomy":"post_tag","embeddable":true,"href":"https:\/\/parafia.niepokalanow.pl\/index.php?rest_route=%2Fwp%2Fv2%2Ftags&post=15272"}],"curies":[{"name":"wp","href":"https:\/\/api.w.org\/{rel}","templated":true}]}}