{"id":15265,"date":"2021-06-25T22:09:32","date_gmt":"2021-06-25T20:09:32","guid":{"rendered":"http:\/\/parafia.niepokalanow.pl\/?p=15265"},"modified":"2021-06-25T22:10:26","modified_gmt":"2021-06-25T20:10:26","slug":"15265","status":"publish","type":"post","link":"https:\/\/parafia.niepokalanow.pl\/?p=15265","title":{"rendered":"XIII NIEDZIELA ZWYK\u0141A 27.06.2021"},"content":{"rendered":"<ol>\n<li>D<strong>zisiaj<\/strong> podczas Mszy \u015bw. o godz. 19.00 i adoracji <strong>modli\u0107 si\u0119 b\u0119dziemy o \u0142ask\u0119 uzdro\u00adwienia duszy i cia\u0142a<\/strong>. Zapraszamy do\u00a0wsp\u00f3lnej modlitwy.<\/li>\n<li>We wtorek obchodzimy <strong>Uroczysto\u015b\u0107 \u015awi\u0119tych Aposto\u0142\u00f3w Piotra i Paw\u0142a<\/strong>. Przeprowadzona tego dnia zbi\u00f3rka na tac\u0119 przeznaczona jest na Danin\u0119 \u015aw. Piotra.<\/li>\n<li>W \u015brod\u0119 przyb\u0119dzie do nas 32. <strong>Piesza Pielgrzymka z Radomia w Intencji Trze\u017awo\u015bci Narodu<\/strong>. Mszy \u015bw. o godz. 13.00 w Bazylice b\u0119dzie przewodniczy\u0142 J.E. Bp\u00a0Marek Solarczyk.<\/li>\n<li>W <strong>I czwartek miesi\u0105ca<\/strong> zapraszamy na godz. 18.00 na Msz\u0119 \u015bw. i nabo\u017ce\u0144stwo godziny \u015bwi\u0119tej w intencji licznych i \u015bwi\u0119tych powo\u0142a\u0144 w Ko\u015bciele. W <strong>I pi\u0105tek<\/strong> zach\u0119camy dzieci, m\u0142odzie\u017c i doros\u0142ych do spowiedzi przez ca\u0142y dzie\u0144 i do uczestnictwa we Mszy \u015bw. i Komunii wynagradzaj\u0105cej Naj\u015bwi\u0119tszemu Sercu Pana Jezusa.<\/li>\n<li>W <strong>pi\u0105tek<\/strong> w kaplicy \u015bw. Maksymiliana odb\u0119dzie si\u0119 <strong>czuwanie przed pierwsz\u0105 sobot\u0105<\/strong>, rozpocz\u0119cie o godzinie 19.00. <strong>W sobot\u0119<\/strong> odb\u0119dzie si\u0119 <strong>Spotkanie<\/strong> <strong>\u201eOddaj si\u0119 Maryi\u201d<\/strong>. Ca\u0142o\u015b\u0107 spotkania na o\u0142tarzu polowym. O 9.30 konferencja i \u015bwiadectwa, o 11.00 Msza \u015bw. \u00a0i nabo\u017ce\u0144stwo wynagradzaj\u0105ce Niepokalanemu Sercu Maryi oraz po\u015bwi\u0119cenie ikony Przeczystego Serca \u015aw. J\u00f3zefa do naszej Bazyliki. Zawierzenie Maryi w tym dniu na wszystkich Mszach \u015bw. Go\u015bciem spotkania b\u0119dzie karmelita o.\u00a0W\u0142odzimierz Tochma\u0144ski, kt\u00f3ry wyg\u0142osi kazanie na Mszy \u015bw. o 11.00 i \u00a0konferencj\u0119 pt.\u00a0<em>Szkaplerz karmelita\u0144ski<\/em>o 13.40. Na zako\u0144czenie b\u0119dzie mo\u017cliwo\u015b\u0107 przyj\u0119cia szkaplerza.<\/li>\n<li>Ze wzgl\u0119du na \u015blub <strong>Msza <\/strong>\u015bwi\u0119ta <strong>z intencjami parafialnymi przyj\u0119tymi na sobot\u0119 o godz. 18.00<\/strong> b\u0119dzie sprawowana <strong>w Kaplicy Sanktuarium \u015bw. Maksymiliana<\/strong>.<\/li>\n<li>W przysz\u0142\u0105 niedziel\u0119 po Mszy \u015bw. o godz. 10.00 odb\u0119dzie si\u0119 <strong>spotkanie Wsp\u00f3lnoty \u017bywego R\u00f3\u017ca\u0144ca<\/strong> w domu parafialnym.<\/li>\n<li>U<strong>roczysto\u015b\u0107 beatyfikacji Kardyna\u0142a Stefana Wyszy\u0144skiego i Matki El\u017cbiety R\u00f3\u017cy Czackiej<\/strong> odb\u0119dzie si\u0119 w niedziel\u0119, 12 wrze\u015bnia br. o godz. 12.00 w \u015awi\u0105tyni Opatrzno\u015bci Bo\u017cej w Warszawie-Wilanowie. W zwi\u0105zku z trwaj\u0105c\u0105 pandemi\u0105, ze wzgl\u0119d\u00f3w bezpiecze\u0144stwa, liczba os\u00f3b bezpo\u015brednio uczestnicz\u0105cych w beatyfikacji b\u0119dzie bardzo ograniczona.<\/li>\n<li>Od jutra do ko\u0144ca sierpnia <strong>kancelaria parafialna<\/strong> we wtorki i czwartki b\u0119dzie czynna tylko w godz. 9.00-10.00 a w pozosta\u0142e dni &#8211; bez zmian.<\/li>\n<li>W czasie wakacji organizujemy <strong>p\u00f3\u0142kolonie \u201eLato w \u015bwietlicy\u201d<\/strong> w dw\u00f3ch turnusach: od 19. i od 26. lipca. Wi\u0119cej informacji na Facebooku parafii.<\/li>\n<li>Zapraszamy do parafialnej kawiarenki \u201e<strong>Zau\u0142ek Anio\u0142\u00f3w<\/strong>\u201d znajduj\u0105cej si\u0119 za domem parafialnym, kt\u00f3ra jest czynna <strong>w ka\u017cdy weekend od 11.00 do 21.00<\/strong>.<\/li>\n<li>Rozpoczynamy <strong>prace remontowe w kaplicy na cmentarzu parafialnym<\/strong>. Wst\u0119pnie planujemy wymieni\u0107 okna, uszczelni\u0107 dach, odnowi\u0107 zakrysti\u0119, od\u015bwie\u017cy\u0107 prezbiterium i ociepli\u0107 budynek. Ilo\u015b\u0107 i czas wykonania prac zale\u017cy od \u015brodk\u00f3w, jakimi b\u0119dziemy dysponowa\u0107. Dlatego zwracamy si\u0119 do Parafian i os\u00f3b zwi\u0105zanych z Niepokalanowem o wsparcie finansowe. Ofiary na ten cel mo\u017cna sk\u0142ada\u0107 w kancelarii parafialnej b\u0105d\u017a dokonuj\u0105c przelewu na konto parafialne. Szczeg\u00f3\u0142y znajduj\u0105 si\u0119 na ulotkach wy\u0142o\u017conych pod ch\u00f3rem.<\/li>\n<li>W\u00f3jt Gminy Teresin informuje, \u017ce trwa <strong>Narodowy Spis Powszechny Ludno\u015bci i Mieszka\u0144 2021<\/strong>. Spis jest obowi\u0105zkowy dla ka\u017cdej osoby mieszkaj\u0105cej w Polsce. Podstawow\u0105 metod\u0105 zbierania danych jest samospis internetowy oraz bezpo\u015bredni lub telefoniczny kontakt z rachmistrzem spisowym. Rachmistrzami s\u0105 mieszka\u0144cy naszej gminy, kt\u00f3rzy przeszli odpowiednie szkolenie i podpisali przyrzeczenie o zachowaniu tajemnicy. Spisu mo\u017cna r\u00f3wnie\u017c dokona\u0107 w Urz\u0119dzie Gminy Teresin.<\/li>\n<li>Udaj\u0105cym si\u0119 na <strong>wakacje i urlopy<\/strong> \u017cyczymy wielu \u0142ask Bo\u017cych, opieki Niepokalanej, Bo\u017cego b\u0142ogos\u0142awie\u0144stwa na ka\u017cdy dzie\u0144, dobrej pogody i\u00a0wspania\u0142ego wypoczynku. W czasie urlopu i odpoczynku wakacyjnego pami\u0119tajmy o\u00a0obowi\u0105zku niedzielnej Eucharystii i codziennej modlitwie.<\/li>\n<li>W tym tygodniu z naszej wsp\u00f3lnoty parafialnej odeszli do wieczno\u015bci: \u015bp. Dariusz Kozera, l. 60 z Teresina oraz \u015bp. Ryszard Szczepa\u0144ski, l. 75 z Teresina. <em>Wieczny odpoczynek racz im da\u0107 Panie\u2026<\/em><\/li>\n<\/ol>\n","protected":false},"excerpt":{"rendered":"<p>Dzisiaj podczas Mszy \u015bw. o godz. 19.00 i adoracji modli\u0107 si\u0119 b\u0119dziemy o \u0142ask\u0119 uzdro\u00adwienia duszy i cia\u0142a. Zapraszamy do\u00a0wsp\u00f3lnej modlitwy. We wtorek obchodzimy Uroczysto\u015b\u0107 \u015awi\u0119tych Aposto\u0142\u00f3w Piotra i Paw\u0142a. [&hellip;]<\/p>\n","protected":false},"author":2,"featured_media":15266,"comment_status":"closed","ping_status":"open","sticky":false,"template":"","format":"standard","meta":{"footnotes":""},"categories":[1],"tags":[],"class_list":["post-15265","post","type-post","status-publish","format-standard","has-post-thumbnail","hentry","category-bez-kategorii"],"_links":{"self":[{"href":"https:\/\/parafia.niepokalanow.pl\/index.php?rest_route=\/wp\/v2\/posts\/15265","targetHints":{"allow":["GET"]}}],"collection":[{"href":"https:\/\/parafia.niepokalanow.pl\/index.php?rest_route=\/wp\/v2\/posts"}],"about":[{"href":"https:\/\/parafia.niepokalanow.pl\/index.php?rest_route=\/wp\/v2\/types\/post"}],"author":[{"embeddable":true,"href":"https:\/\/parafia.niepokalanow.pl\/index.php?rest_route=\/wp\/v2\/users\/2"}],"replies":[{"embeddable":true,"href":"https:\/\/parafia.niepokalanow.pl\/index.php?rest_route=%2Fwp%2Fv2%2Fcomments&post=15265"}],"version-history":[{"count":0,"href":"https:\/\/parafia.niepokalanow.pl\/index.php?rest_route=\/wp\/v2\/posts\/15265\/revisions"}],"wp:featuredmedia":[{"embeddable":true,"href":"https:\/\/parafia.niepokalanow.pl\/index.php?rest_route=\/wp\/v2\/media\/15266"}],"wp:attachment":[{"href":"https:\/\/parafia.niepokalanow.pl\/index.php?rest_route=%2Fwp%2Fv2%2Fmedia&parent=15265"}],"wp:term":[{"taxonomy":"category","embeddable":true,"href":"https:\/\/parafia.niepokalanow.pl\/index.php?rest_route=%2Fwp%2Fv2%2Fcategories&post=15265"},{"taxonomy":"post_tag","embeddable":true,"href":"https:\/\/parafia.niepokalanow.pl\/index.php?rest_route=%2Fwp%2Fv2%2Ftags&post=15265"}],"curies":[{"name":"wp","href":"https:\/\/api.w.org\/{rel}","templated":true}]}}