{"id":15254,"date":"2021-06-23T14:08:43","date_gmt":"2021-06-23T12:08:43","guid":{"rendered":"http:\/\/parafia.niepokalanow.pl\/?p=15254"},"modified":"2021-06-23T14:08:43","modified_gmt":"2021-06-23T12:08:43","slug":"xii-niedziela-zwykla-20-06-2021","status":"publish","type":"post","link":"https:\/\/parafia.niepokalanow.pl\/?p=15254","title":{"rendered":"XII NIEDZIELA ZWYK\u0141A 20.06.2021"},"content":{"rendered":"<ol>\n<li><strong>Nabo\u017ce\u0144stwo czerwcowe <\/strong>sprawowane jest w Bazylice w niedziele o godz. 17.00, w tygodniu &#8211; po Mszy \u015bw. wieczornej ok. godz. 18.30 a w sobot\u0119 w kaplicy \u015bw. Maksymiliana o godz. 17.30. Ze wzgl\u0119du na \u015bluby Msze \u015bwi\u0119te z intencjami parafialnymi przyj\u0119tymi na soboty o godz. 18.00 b\u0119d\u0105 w czerwcu sprawowane w kaplicy \u015bw. Maksymiliana.<\/li>\n<li>W czwartek obchodzimy <strong>Uroczysto<\/strong><strong>\u015b\u0107 Narodzenia \u015bw. Jana Chrzciciela<\/strong>.<\/li>\n<li>Msza \u015bw. na <strong>zako\u0144czenie roku szkolnego<\/strong> dla Szko\u0142y Podstawowej w Teresinie i w Paprotni oraz Zespo\u0142u Szk\u00f3\u0142 b\u0119dzie sprawowana w pi\u0105tek 25. czerwca o godz. 8.00 w naszej Bazylice. Serdecznie zapraszamy dzieci, m\u0142odzie\u017c, nauczycieli oraz rodzic\u00f3w.<\/li>\n<li>W sobot\u0119, 26 czerwca w Domu Parafialnym o godz. 19.00 odb\u0119dzie si\u0119 spotkanie formacyjne rycerzy Niepokalanej.<\/li>\n<li>W dniach 26-27 czerwca (tj. sobota-niedziela) w Domu Parafialnym odb\u0119dzie si\u0119 <strong>warsztat antystresowy<\/strong>.\u00a0 Zapraszamy wszystkich, kt\u00f3rzy chcieliby nauczy\u0107 si\u0119 jak radzi\u0107 sobie z uczuciami: z\u0142o\u015bci\u0105, l\u0119kiem, poczuciem winy, bezradno\u015bci\u0105, stresem, i konfliktami, szczeg\u00f3lnie teraz w czasie pandemii. Szczeg\u00f3\u0142owe informacje znajduj\u0105 si\u0119 w gablocie. Zg\u0142oszenia prosimy kierowa\u0107 pod nr. telefonu lub na maila, kt\u00f3re podane s\u0105 na plakacie.<\/li>\n<li><strong>Siostra<\/strong> <strong>Urszula Rostankowska<\/strong> decyzj\u0105 prze\u0142o\u017conej prowincjalnej <strong>ko\u0144czy pos\u0142ug\u0119 w naszej Parafii<\/strong>. Pragniemy zaprosi\u0107 Parafian na Msz\u0119 \u015bwi\u0119t\u0105 w przysz\u0142\u0105 niedziel\u0119 o godz. 11.30, w czasie kt\u00f3rej wyrazimy Siostrze Urszuli nasz\u0105 wdzi\u0119czno\u015b\u0107 za wieloletni\u0105 i jak\u017ce owocn\u0105 Jej obecno\u015b\u0107 w naszej wsp\u00f3lnocie. Tego samego dnia o godz. 19.00 po raz ostatni przed przerw\u0105 wakacyjn\u0105 zostanie odprawiona <strong>Msza <\/strong><strong>\u015bwi\u0119ta z modlitw\u0105 o uzdrowienie<\/strong>.<\/li>\n<li>Przypominamy, \u017ce od dzisiaj zniesiona zostaje <strong>dyspensa od uczestnictwa w niedzielnej Mszy \u015bwi\u0119tej<\/strong> oraz w \u015bwi\u0119ta nakazane.<\/li>\n<li>W czasie wakacji organizujemy <strong>p\u00f3\u0142kolonie \u201eLato w \u015bwietlicy\u201d<\/strong> w dw\u00f3ch turnusach: od 19. i od 26. lipca. Wi\u0119cej informacji na Facebooku parafii.<\/li>\n<li>Zapraszamy do parafialnej kawiarenki \u201e<strong>Zau\u0142ek Anio\u0142\u00f3w<\/strong>\u201d znajduj\u0105cej si\u0119 za domem parafialnym, kt\u00f3ra jest czynna <strong>w ka\u017cdy weekend od 11.00 do 21.00<\/strong>.<\/li>\n<li>W tym tygodniu z naszej wsp\u00f3lnoty parafialnej odeszli do wieczno\u015bci: \u015bp. Danuta Borkowska, l. 66 z Teresina Gaju oraz \u015bp. Wac\u0142aw Rybak, l. 97 z Teresina. <em>Wieczny odpoczynek racz im da\u0107 Panie\u2026<\/em><\/li>\n<\/ol>\n","protected":false},"excerpt":{"rendered":"<p>Nabo\u017ce\u0144stwo czerwcowe sprawowane jest w Bazylice w niedziele o godz. 17.00, w tygodniu &#8211; po Mszy \u015bw. wieczornej ok. godz. 18.30 a w sobot\u0119 w kaplicy \u015bw. Maksymiliana o godz. [&hellip;]<\/p>\n","protected":false},"author":2,"featured_media":15255,"comment_status":"closed","ping_status":"open","sticky":false,"template":"","format":"standard","meta":{"footnotes":""},"categories":[1],"tags":[],"class_list":["post-15254","post","type-post","status-publish","format-standard","has-post-thumbnail","hentry","category-bez-kategorii"],"_links":{"self":[{"href":"https:\/\/parafia.niepokalanow.pl\/index.php?rest_route=\/wp\/v2\/posts\/15254","targetHints":{"allow":["GET"]}}],"collection":[{"href":"https:\/\/parafia.niepokalanow.pl\/index.php?rest_route=\/wp\/v2\/posts"}],"about":[{"href":"https:\/\/parafia.niepokalanow.pl\/index.php?rest_route=\/wp\/v2\/types\/post"}],"author":[{"embeddable":true,"href":"https:\/\/parafia.niepokalanow.pl\/index.php?rest_route=\/wp\/v2\/users\/2"}],"replies":[{"embeddable":true,"href":"https:\/\/parafia.niepokalanow.pl\/index.php?rest_route=%2Fwp%2Fv2%2Fcomments&post=15254"}],"version-history":[{"count":0,"href":"https:\/\/parafia.niepokalanow.pl\/index.php?rest_route=\/wp\/v2\/posts\/15254\/revisions"}],"wp:featuredmedia":[{"embeddable":true,"href":"https:\/\/parafia.niepokalanow.pl\/index.php?rest_route=\/wp\/v2\/media\/15255"}],"wp:attachment":[{"href":"https:\/\/parafia.niepokalanow.pl\/index.php?rest_route=%2Fwp%2Fv2%2Fmedia&parent=15254"}],"wp:term":[{"taxonomy":"category","embeddable":true,"href":"https:\/\/parafia.niepokalanow.pl\/index.php?rest_route=%2Fwp%2Fv2%2Fcategories&post=15254"},{"taxonomy":"post_tag","embeddable":true,"href":"https:\/\/parafia.niepokalanow.pl\/index.php?rest_route=%2Fwp%2Fv2%2Ftags&post=15254"}],"curies":[{"name":"wp","href":"https:\/\/api.w.org\/{rel}","templated":true}]}}