{"id":15229,"date":"2021-06-11T17:04:37","date_gmt":"2021-06-11T15:04:37","guid":{"rendered":"http:\/\/parafia.niepokalanow.pl\/?p=15229"},"modified":"2021-06-12T16:20:23","modified_gmt":"2021-06-12T14:20:23","slug":"xi-niedziela-zwykla-13-06-2021","status":"publish","type":"post","link":"https:\/\/parafia.niepokalanow.pl\/?p=15229","title":{"rendered":"XI NIEDZIELA ZWYK\u0141A 13.06.2021"},"content":{"rendered":"<ol>\n<li><strong>Nabo\u017ce\u0144stwo czerwcowe <\/strong>sprawowane jest w Bazylice w niedziele o godz. 17.00, w tygodniu &#8211; po Mszy \u015bw. wieczornej ok. godz. 18.30 a w sobot\u0119 w kaplicy \u015bw. Maksymiliana o godz. 17.30. Ze wzgl\u0119du na \u015bluby Msze \u015bwi\u0119te z intencjami parafialnymi przyj\u0119tymi na soboty o godz. 18.00 b\u0119d\u0105 w czerwcu sprawowane w kaplicy \u015bw. Maksymiliana.<\/li>\n<li>W czwartek zosta\u0142y <strong>pob\u0142ogos\u0142awione pola<\/strong> naszej parafii. Za ofiary z\u0142o\u017cone z tej okazji sk\u0142adamy serdeczne \u201eB\u00f3g zap\u0142a\u0107!\u201d<\/li>\n<li>W najbli\u017csz\u0105 sobot\u0119 w kaplicy \u015bw. Maksymiliana o godz. 8.00 b\u0119dzie sprawowana Msza \u015bw. w <strong>intencji Radia Maryja<\/strong>, Telewizji Trwam i naszej Ojczyzny.<\/li>\n<li>Zapraszamy w najbli\u017csz\u0105 sobot\u0119 na <strong>spotkanie kobiet<\/strong>, kt\u00f3rego tematem b\u0119dzie: \u201eDroga serca kobiety &#8211; to\u017csamo\u015b\u0107, powo\u0142anie i misja\u201d. O 11.00 Msza \u015bw. i r\u00f3\u017caniec, od godz. 13.00 dwie konferencje z modlitw\u0105 i \u015bwiadectwami, zako\u0144czone Koronk\u0105 do Bo\u017cego mi\u0142osierdzia o 15.00. W dniach 23-25 lipca w domu rekolekcyjnym odb\u0119d\u0105 si\u0119 te\u017c \u201e<strong>Rekolekcje wyj\u015bcia dla kobiet<\/strong>\u201d. Szczeg\u00f3\u0142y na facebooku: \u201e\u015awi\u0119to\u015b\u0107 w zwyczajno\u015bci\u201d<\/li>\n<li>W czasie wakacji organizujemy <strong>p\u00f3\u0142kolonie \u201eLato w \u015bwietlicy\u201d<\/strong> w dw\u00f3ch turnusach: od 19. i od 26. lipca. Wi\u0119cej informacji na facebooku parafii.<\/li>\n<li>Informujemy, i\u017c biskupi polscy, kt\u00f3rzy w ubieg\u0142ym tygodniu zgromadzili si\u0119 na Zebraniu Plenarnym Konferencji Episkopatu Polski, podj\u0119li decyzj\u0119 o <strong>zniesieniu dyspens od uczestnictwa w niedzielnej Mszy \u015bwi\u0119tej oraz w \u015bwi\u0119ta nakazane<\/strong>. Dyspensy te zostan\u0105 zniesione <strong>20 czerwca<\/strong>.<\/li>\n<li>Zapraszamy do parafialnej kawiarenki \u201e<strong>Zau\u0142ek Anio\u0142\u00f3w<\/strong>\u201d, kt\u00f3ra jest czynna <strong>w ka\u017cdy weekend od 11.00 do 21.00<\/strong>.<\/li>\n<\/ol>\n","protected":false},"excerpt":{"rendered":"<p>Nabo\u017ce\u0144stwo czerwcowe sprawowane jest w Bazylice w niedziele o godz. 17.00, w tygodniu &#8211; po Mszy \u015bw. wieczornej ok. godz. 18.30 a w sobot\u0119 w kaplicy \u015bw. Maksymiliana o godz. [&hellip;]<\/p>\n","protected":false},"author":2,"featured_media":15230,"comment_status":"closed","ping_status":"open","sticky":false,"template":"","format":"standard","meta":{"footnotes":""},"categories":[1],"tags":[],"class_list":["post-15229","post","type-post","status-publish","format-standard","has-post-thumbnail","hentry","category-bez-kategorii"],"_links":{"self":[{"href":"https:\/\/parafia.niepokalanow.pl\/index.php?rest_route=\/wp\/v2\/posts\/15229","targetHints":{"allow":["GET"]}}],"collection":[{"href":"https:\/\/parafia.niepokalanow.pl\/index.php?rest_route=\/wp\/v2\/posts"}],"about":[{"href":"https:\/\/parafia.niepokalanow.pl\/index.php?rest_route=\/wp\/v2\/types\/post"}],"author":[{"embeddable":true,"href":"https:\/\/parafia.niepokalanow.pl\/index.php?rest_route=\/wp\/v2\/users\/2"}],"replies":[{"embeddable":true,"href":"https:\/\/parafia.niepokalanow.pl\/index.php?rest_route=%2Fwp%2Fv2%2Fcomments&post=15229"}],"version-history":[{"count":0,"href":"https:\/\/parafia.niepokalanow.pl\/index.php?rest_route=\/wp\/v2\/posts\/15229\/revisions"}],"wp:featuredmedia":[{"embeddable":true,"href":"https:\/\/parafia.niepokalanow.pl\/index.php?rest_route=\/wp\/v2\/media\/15230"}],"wp:attachment":[{"href":"https:\/\/parafia.niepokalanow.pl\/index.php?rest_route=%2Fwp%2Fv2%2Fmedia&parent=15229"}],"wp:term":[{"taxonomy":"category","embeddable":true,"href":"https:\/\/parafia.niepokalanow.pl\/index.php?rest_route=%2Fwp%2Fv2%2Fcategories&post=15229"},{"taxonomy":"post_tag","embeddable":true,"href":"https:\/\/parafia.niepokalanow.pl\/index.php?rest_route=%2Fwp%2Fv2%2Ftags&post=15229"}],"curies":[{"name":"wp","href":"https:\/\/api.w.org\/{rel}","templated":true}]}}