{"id":15220,"date":"2021-06-10T18:31:58","date_gmt":"2021-06-10T16:31:58","guid":{"rendered":"http:\/\/parafia.niepokalanow.pl\/?p=15220"},"modified":"2021-06-10T18:32:05","modified_gmt":"2021-06-10T16:32:05","slug":"x-niedziela-zwykla-06-06-2021","status":"publish","type":"post","link":"https:\/\/parafia.niepokalanow.pl\/?p=15220","title":{"rendered":"X NIEDZIELA ZWYK\u0141A 06.06.2021"},"content":{"rendered":"<ol>\n<li>N<strong>abo\u017ce\u0144stwo czerwcowe b\u0119dzie<\/strong> sprawowane w Bazylice w niedziele o godz. 17.00, w tygodniu &#8211; po Mszy \u015bw. wieczornej ok. godz. 18.30 a w sobot\u0119 w kaplicy \u015bw. Maksymiliana o godz. 17.30. Ze wzgl\u0119du na \u015bluby Msze \u015bwi\u0119te z intencjami parafialnymi przyj\u0119tymi na soboty o godz. 18.00 b\u0119d\u0105 w czerwcu sprawowane w kaplicy \u015bw. Maksymiliana. W tym tygodniu nabo\u017ce\u0144stwa czerwcowe b\u0119d\u0105 do czwartku <strong>po\u0142\u0105czone<br \/>\nz procesj\u0105 eucharystyczn\u0105<\/strong> wok\u00f3\u0142 bazyliki. W czwartek po procesji \u2013 b\u0142ogos\u0142awie\u0144stwo wiank\u00f3w.<\/li>\n<li>W \u015brod\u0119 <strong>9 czerwca<\/strong> podczas Mszy \u015bw. <strong>o godz. 18.00<\/strong> m\u0142odzie\u017c naszej parafii przyjmie <strong>sakrament bierzmowania<\/strong> z r\u0105k J. E. Ks. Bp. Rafa\u0142a Markowskiego. Spowied\u017a dla kandydat\u00f3w, \u015bwiadk\u00f3w i rodzic\u00f3w we wtorek 8 czerwca o godz. 18.00 w dolnym ko\u015bciele.<\/li>\n<li>W czwartek o godz. 9.00 zostanie odprawiona w bazylice Msza \u015bw. w intencji rolnik\u00f3w. B\u0119dziemy prosi\u0107 Boga o dobre urodzaje i szcz\u0119\u015bliwe zbiory, a po Mszy \u015bw. nast\u0105pi po\u015bwi\u0119cenie p\u00f3l w miejscowo\u015bciach: Granice ul. Stra\u017cacka, Seroki Wie\u015b.<\/li>\n<li>W tym roku obchodzimy 100. rocznic\u0119 po\u015bwi\u0119cenia Ojczyzny Naj\u015bwi\u0119tszemu Sercu Jezusa. Z tej racji <strong>w pi\u0105tek<\/strong> 11 czerwca po Mszy \u015bw. <strong>o godz. 18.00<\/strong> <strong>w Uroczysto\u015b\u0107<\/strong> Naj\u015bwi\u0119tszego Serca Pana Jezusa dokonamy <strong>odnowienia Aktu Po\u015bwi\u0119cenia Narodu Polskiego Naj\u015bwi\u0119tszemu Sercu Pana Jezusa<\/strong> w \u0142\u0105czno\u015bci z wiernymi w ca\u0142ej Ojczy\u017anie.<\/li>\n<\/ol>\n<p>Tego dnia w kaplicy \u015bw. Maksymiliana odb\u0119dzie si\u0119 <strong>\u015awiatowa Sztafet R\u00f3\u017ca\u0144cowa<\/strong><br \/>\no \u015bwi\u0119to\u015b\u0107 Kap\u0142an\u00f3w. O godz. 15.30 wystawienie Naj\u015bwi\u0119tszego Sakramentu i r\u00f3\u017caniec, nast\u0119pnie Msza \u015bw. \u00a0Ze wzgl\u0119du na uroczysto\u015b\u0107 w tym dniu nie obowi\u0105zuje wstrzemi\u0119\u017aliwo\u015b\u0107 od pokarm\u00f3w mi\u0119snych.<\/p>\n<ol start=\"5\">\n<li>W sobot\u0119 12 czerwca, we wspomnienie Niepokalanego Serca NMP, odb\u0119dzie si\u0119 spotkanie <strong>R\u00f3\u017ca\u0144ca Rodzin<\/strong>. Po Mszy \u015bw. o godz. 11.00 wystawienie Naj\u015bwi\u0119tszego Sakramentu i r\u00f3\u017caniec w intencjach rodzin, na koniec kr\u00f3tkie organizacyjne spotkanie<br \/>\nw salce O\u015brodka Powo\u0142a\u0144.<\/li>\n<li>Tak\u017ce w sobot\u0119 odb\u0119dzie si\u0119 Pielgrzymka Pokutna i czuwanie modlitewne w bazylice. Odjazd pielgrzym\u00f3w do Miedniewic o godz. 20.00 spod Domu Parafialnego. Zapisy u pani Ani W\u0142odarczyk (tel. 889 590 461). Natomiast w bazylice o godz. 20.30 r\u00f3\u017caniec, Apel Maryjny, nast\u0119pnie Msza \u015bw., Droga Krzy\u017cowa i adoracja Naj\u015bwi\u0119tszego Sakramentu do godziny 5.15. Na zako\u0144czenie czuwania Msza \u015bw. o godzinie 5.45.<\/li>\n<li>Klasztor B\u0142ogos\u0142awionych M\u0119czennik\u00f3w z Niepokalanowa, w kt\u00f3rym znajduje si\u0119 <strong>Radio Niepokalan\u00f3w<\/strong> \u2013 12 czerwca, w dniu wspomnienia swoich patron\u00f3w obchodzi <strong>uroczysto\u015b\u0107 odpustow\u0105<\/strong>. Tego dnia <strong>o godz. 11.00 w Bazylice<\/strong> zostanie odprawiona Msza \u015bwi\u0119ta odpustowa, kt\u00f3rej b\u0119dzie przewodniczy\u0142 N.O. Prowincja\u0142 Grzegorz Bartosik. Po Mszy \u015bw. w budynku radiowym zostan\u0105 pob\u0142ogos\u0142awione \u015bwie\u017co wyremontowane pomieszczenia radiowe: nowe cyfrowe studio emisyjne im. \u015bw. Maksymiliana oraz zmodernizowane studio nagra\u0144 im. o. Wenantego Katarzy\u0144ca.<\/li>\n<li>Zapraszamy do parafialnej kawiarenki \u201e<strong>Zau\u0142ek Anio\u0142\u00f3w<\/strong>\u201d, kt\u00f3ra jest czynna<br \/>\n<strong>w ka\u017cdy weekend od 11.00 do 21.00<\/strong>.<\/li>\n<li>Od poniedzia\u0142ku wznawia funkcjonowanie nasza <strong>\u015bwietlica parafialna<\/strong>, do kt\u00f3rej zapraszamy w godz. od 15.00 do 17.30. Jednocze\u015bnie informujemy, \u017ce w czasie wakacji organizujemy <strong>p\u00f3\u0142kolonie \u201eLato w \u015bwietlicy\u201d<\/strong> w dw\u00f3ch turnusach: od 19. i od 26. lipca. Wi\u0119cej informacji na facebooku parafii.<\/li>\n<li>Dzisiaj po Mszach \u015awi\u0119tych zbierane s\u0105 do puszki ofiary na budow\u0119 \u015awi\u0105tyni Opatrzno\u015bci Bo\u017cej.<\/li>\n<li>W tym tygodniu z naszej wsp\u00f3lnoty parafialnej odeszli do wieczno\u015bci \u015bp. Jadwiga Pachniewska, l. 88 z Teresina i \u015bp. Artur L\u00f6bert, l. 77 z Teresina Gaju. <em>Wieczny odpoczynek racz im da\u0107 Panie\u2026<\/em><\/li>\n<\/ol>\n","protected":false},"excerpt":{"rendered":"<p>Nabo\u017ce\u0144stwo czerwcowe b\u0119dzie sprawowane w Bazylice w niedziele o godz. 17.00, w tygodniu &#8211; po Mszy \u015bw. wieczornej ok. godz. 18.30 a w sobot\u0119 w kaplicy \u015bw. Maksymiliana o godz. [&hellip;]<\/p>\n","protected":false},"author":2,"featured_media":14808,"comment_status":"closed","ping_status":"open","sticky":false,"template":"","format":"standard","meta":{"footnotes":""},"categories":[1],"tags":[],"class_list":["post-15220","post","type-post","status-publish","format-standard","has-post-thumbnail","hentry","category-bez-kategorii"],"_links":{"self":[{"href":"https:\/\/parafia.niepokalanow.pl\/index.php?rest_route=\/wp\/v2\/posts\/15220","targetHints":{"allow":["GET"]}}],"collection":[{"href":"https:\/\/parafia.niepokalanow.pl\/index.php?rest_route=\/wp\/v2\/posts"}],"about":[{"href":"https:\/\/parafia.niepokalanow.pl\/index.php?rest_route=\/wp\/v2\/types\/post"}],"author":[{"embeddable":true,"href":"https:\/\/parafia.niepokalanow.pl\/index.php?rest_route=\/wp\/v2\/users\/2"}],"replies":[{"embeddable":true,"href":"https:\/\/parafia.niepokalanow.pl\/index.php?rest_route=%2Fwp%2Fv2%2Fcomments&post=15220"}],"version-history":[{"count":0,"href":"https:\/\/parafia.niepokalanow.pl\/index.php?rest_route=\/wp\/v2\/posts\/15220\/revisions"}],"wp:featuredmedia":[{"embeddable":true,"href":"https:\/\/parafia.niepokalanow.pl\/index.php?rest_route=\/wp\/v2\/media\/14808"}],"wp:attachment":[{"href":"https:\/\/parafia.niepokalanow.pl\/index.php?rest_route=%2Fwp%2Fv2%2Fmedia&parent=15220"}],"wp:term":[{"taxonomy":"category","embeddable":true,"href":"https:\/\/parafia.niepokalanow.pl\/index.php?rest_route=%2Fwp%2Fv2%2Fcategories&post=15220"},{"taxonomy":"post_tag","embeddable":true,"href":"https:\/\/parafia.niepokalanow.pl\/index.php?rest_route=%2Fwp%2Fv2%2Ftags&post=15220"}],"curies":[{"name":"wp","href":"https:\/\/api.w.org\/{rel}","templated":true}]}}