{"id":15214,"date":"2021-06-03T07:03:19","date_gmt":"2021-06-03T05:03:19","guid":{"rendered":"http:\/\/parafia.niepokalanow.pl\/?p=15214"},"modified":"2021-06-03T07:03:19","modified_gmt":"2021-06-03T05:03:19","slug":"uroczystosc-najswietszego-ciala-i-krwi-chrystusa-03-06-2021","status":"publish","type":"post","link":"https:\/\/parafia.niepokalanow.pl\/?p=15214","title":{"rendered":"UROCZYSTO\u015a\u0106 NAJ\u015aWI\u0118TSZEGO CIA\u0141A I KRWI CHRYSTUSA 03.06.2021"},"content":{"rendered":"<ol>\n<li>Przez kolejne <strong>8 dni po Bo\u017cym Ciele<\/strong> Nabo\u017ce\u0144stwo Czerwcowe b\u0119dzie po\u0142\u0105czone z <strong>procesj\u0105 wok\u00f3\u0142 Bazyliki<\/strong> po Mszy o godz. 18.00. W\u00a0sobot\u0119 nabo\u017ce\u0144stwo i procesja b\u0119d\u0105 w Sanktuarium \u015aw. Maksymiliana o 17.30 a w niedziel\u0119 \u2013 w Bazylice o 17.00.<\/li>\n<li>W czwartek 10 czerwca o godz. 9.00 zostanie odprawiona w Bazylice Msza \u015bw. w intencji rolnik\u00f3w, a po Mszy \u015bw. nast\u0105pi <strong>po\u015bwi\u0119cenie p\u00f3l<\/strong>. Osoby zainteresowane po\u015bwi\u0119ceniem p\u00f3l prosimy o zg\u0142oszenie si\u0119 do kancelarii parafialnej jutro w godz. mi\u0119dzy 9.00 a 10.00.<\/li>\n<li>Jutro w <strong>I pi\u0105tek miesi\u0105ca<\/strong> spowied\u017a dla dzieci o godz. 16.30 a o 17.00 Msza \u015bw. Tego dnia udamy si\u0119 z pos\u0142ug\u0105 do chorych naszej parafii.<\/li>\n<li>W pi\u0105tek w kaplicy \u015bw. Maksymiliana odb\u0119dzie si\u0119 czuwanie przed Spotkaniem <em>Oddaj si\u0119 Maryi<\/em>. Od 19.00 adoracja Naj\u015bwi\u0119tszego Sakramentu, modlitwa uwielbienia, R\u00f3\u017caniec, apel maryjny, Msza \u015bw. oko\u0142o 21.10 i ca\u0142onocne czuwanie.<\/li>\n<li>W sobot\u0119 odb\u0119dzie si\u0119 Spotkanie <em>Oddaj si\u0119 Maryi<\/em>. O 9.30 konferencja o zawierzeniu na placu przed o\u0142tarzem polowym. Zawierzenie Maryi na wszystkich Mszach \u015bw. Po Mszy \u015bw. o 11.00 nabo\u017ce\u0144stwo wynagradzaj\u0105ce Niepokalanemu Sercu Maryi. Go\u015bciem spotkania b\u0119dzie marianin ks. Edmund Szaniawski, d\u0142ugoletni egzorcysta z Lichenia, kt\u00f3ry wyg\u0142osi homilie na Mszy \u015bw. o 11.00 i konferencj\u0119 pt. <em>Wok\u00f3\u0142 zagro\u017ce\u0144 duchowych<\/em> o 13.40.<\/li>\n<\/ol>\n","protected":false},"excerpt":{"rendered":"<p>Przez kolejne 8 dni po Bo\u017cym Ciele Nabo\u017ce\u0144stwo Czerwcowe b\u0119dzie po\u0142\u0105czone z procesj\u0105 wok\u00f3\u0142 Bazyliki po Mszy o godz. 18.00. W\u00a0sobot\u0119 nabo\u017ce\u0144stwo i procesja b\u0119d\u0105 w Sanktuarium \u015aw. Maksymiliana o [&hellip;]<\/p>\n","protected":false},"author":2,"featured_media":15215,"comment_status":"closed","ping_status":"open","sticky":false,"template":"","format":"standard","meta":{"footnotes":""},"categories":[1],"tags":[],"class_list":["post-15214","post","type-post","status-publish","format-standard","has-post-thumbnail","hentry","category-bez-kategorii"],"_links":{"self":[{"href":"https:\/\/parafia.niepokalanow.pl\/index.php?rest_route=\/wp\/v2\/posts\/15214","targetHints":{"allow":["GET"]}}],"collection":[{"href":"https:\/\/parafia.niepokalanow.pl\/index.php?rest_route=\/wp\/v2\/posts"}],"about":[{"href":"https:\/\/parafia.niepokalanow.pl\/index.php?rest_route=\/wp\/v2\/types\/post"}],"author":[{"embeddable":true,"href":"https:\/\/parafia.niepokalanow.pl\/index.php?rest_route=\/wp\/v2\/users\/2"}],"replies":[{"embeddable":true,"href":"https:\/\/parafia.niepokalanow.pl\/index.php?rest_route=%2Fwp%2Fv2%2Fcomments&post=15214"}],"version-history":[{"count":0,"href":"https:\/\/parafia.niepokalanow.pl\/index.php?rest_route=\/wp\/v2\/posts\/15214\/revisions"}],"wp:featuredmedia":[{"embeddable":true,"href":"https:\/\/parafia.niepokalanow.pl\/index.php?rest_route=\/wp\/v2\/media\/15215"}],"wp:attachment":[{"href":"https:\/\/parafia.niepokalanow.pl\/index.php?rest_route=%2Fwp%2Fv2%2Fmedia&parent=15214"}],"wp:term":[{"taxonomy":"category","embeddable":true,"href":"https:\/\/parafia.niepokalanow.pl\/index.php?rest_route=%2Fwp%2Fv2%2Fcategories&post=15214"},{"taxonomy":"post_tag","embeddable":true,"href":"https:\/\/parafia.niepokalanow.pl\/index.php?rest_route=%2Fwp%2Fv2%2Ftags&post=15214"}],"curies":[{"name":"wp","href":"https:\/\/api.w.org\/{rel}","templated":true}]}}