{"id":15199,"date":"2021-05-29T17:43:21","date_gmt":"2021-05-29T15:43:21","guid":{"rendered":"http:\/\/parafia.niepokalanow.pl\/?p=15199"},"modified":"2021-05-29T17:43:21","modified_gmt":"2021-05-29T15:43:21","slug":"uroczystosc-najswietszej-trojcy-30-05-2021","status":"publish","type":"post","link":"https:\/\/parafia.niepokalanow.pl\/?p=15199","title":{"rendered":"Uroczysto\u015b\u0107 Naj\u015bwi\u0119tszej Tr\u00f3jcy 30.05.2021"},"content":{"rendered":"<ol>\n<li>Dzisiejsza niedziela jest <strong>uroczysto<\/strong><strong>\u015bci\u0105 Naj\u015bwi\u0119tszej Tr\u00f3jcy<\/strong> i tym samym ko\u0144czy si\u0119 okres Komunii \u015bw. wielkanocnej. Dzisiaj zapraszamy na <strong>Msz\u0119 \u015bw. i modlitw\u0119 o uzdrowienie<\/strong> przed Naj\u015bwi\u0119tszym Sakramentem o godz. 19.00.<\/li>\n<li>Wczoraj w <strong>Sanktuarium <\/strong><strong>\u015bw. Antoniego Padewskiego w \u0141odzi-\u0141agiewnikach<\/strong> <strong>siedmiu naszych Braci przyj\u0119\u0142o \u015bwi\u0119cenia<\/strong>: czterech w stopniu diakonatu a trzech w stopniu prezbiteratu. Polecajmy ich pos\u0142ug\u0119 wstawiennictwu Niepokalanej Wszechpo\u015bredniczki \u0141ask w naszych osobistych modlitwach.<\/li>\n<li>Od wtorku rozpoczynamy <strong>Nabo\u017ce\u0144stwa Czerwcowe<\/strong>. W niedziele b\u0119d\u0105 one sprawowane w Bazylice o godz. 17.00, w tygodniu &#8211; po Mszy wieczornej ok. 18.30 a w soboty w Kaplicy \u015bw. Maksymiliana o godz. 17.30. Ze wzgl\u0119du na \u015bluby Msze \u015bwi\u0119te z intencjami parafialnymi przyj\u0119tymi na soboty o godz. 18.00 b\u0119d\u0105 w czerwcu sprawowane w Kaplicy \u015aw. Maksymiliana.<\/li>\n<li>W czwartek <strong>uroczysto\u015b\u0107 Naj\u015bwi\u0119tszego Cia\u0142a i Krwi Chrystusa, czyli Bo\u017ce Cia\u0142o<\/strong>. Porz\u0105dek Mszy \u015bwi\u0119tych jak w niedziele, z\u00a0wyj\u0105tkiem Mszy \u015bwi\u0119tej o godz. 11.30, kt\u00f3rej nie b\u0119dzie. <strong>Po Mszy \u015bwi\u0119tej o godz. 10.00<\/strong> wyruszy z\u00a0Bazyliki <strong>procesja eucharystyczna<\/strong>. Trasa procesji b\u0119dzie nast\u0119puj\u0105ca: ulic\u0105 o. M. Kolbego przez tory, nast\u0119pnie ulicami Warszawsk\u0105, D\u0142ug\u0105, Rynkow\u0105, Szymanowsk\u0105 przez tory i o. M. Kolbego do o\u0142tarza polowego za Bazylik\u0105. O\u0142tarze b\u0119d\u0105 przygotowywa\u0142y nast\u0119puj\u0105ce wsp\u00f3lnoty: <strong>I:<\/strong> \u017bywy R\u00f3\u017caniec, Rycerstwo Niepokalanej i\u00a0Ministranci starsi, <strong>II:<\/strong> Odnowa w\u00a0Duchu \u015awi\u0119tym, <strong>III:<\/strong> Ko\u0142o Przyjaci\u00f3\u0142 Radia Maryja i Duszpasterstwo Ma\u0142\u017ce\u0144stw, <strong>IV:<\/strong> Zach\u0119camy do licznego udzia\u0142u i pobo\u017cnego prze\u017cycia procesji oraz dekoracji dom\u00f3w na trasie procesji. Zapraszamy biel, asyst\u0119, ch\u00f3r, orkiestr\u0119 parafialn\u0105, dzieci z klas trzecich i czwartych w strojach komunijnych oraz m\u0142odzie\u017c do niesienia sztandar\u00f3w i feretron\u00f3w. Dotychczas ogromn\u0105 cz\u0119\u015b\u0107 os\u00f3b nios\u0105cych sztandary, feretrony i inne przedmioty procesyjne stanowi\u0142y osoby w podesz\u0142ym wieku. W zwi\u0105zku z pandemi\u0105 i wiekiem wiele z nich nie jest w stanie kontynuowa\u0107 swojej pos\u0142ugi, kt\u00f3r\u0105 tak kochali. Na ich pro\u015bb\u0119 <strong>zwracamy si\u0119 zatem do Parafian b\u0119d\u0105cych w sile wieku o pomoc<\/strong> w niesieniu tych przedmiot\u00f3w, w godnym reprezentowaniu Parafii. Niech b\u0119dzie wida\u0107, \u017ce tradycja jest wa\u017cnym elementem naszej to\u017csamo\u015bci parafialnej i \u017ce s\u0105 kolejne pokolenia gotowe, by piel\u0119gnowa\u0107 warto\u015bci i zwyczaje przodk\u00f3w! Pr\u00f3ba <strong>sypania kwiatk\u00f3w<\/strong> dla dziewczynek z klas trzecich, czwartych i m\u0142odszych b\u0119dzie <strong>w\u00a0\u015brod\u0119 o godz. 17.00<\/strong> przed Bazylik\u0105. <strong>Biel procesyjna<\/strong> spotyka si\u0119 r\u00f3wnie\u017c w \u015brod\u0119 o 17.00 przy wej\u015bciu do kaplicy adoracji. Przez kolejne 8 dni po Bo\u017cym Ciele Nabo\u017ce\u0144stwo Czerwcowe b\u0119dzie po\u0142\u0105czone z procesj\u0105 wok\u00f3\u0142 Bazyliki Mszy o 18.00. W\u00a0sobot\u0119 nabo\u017ce\u0144stwo i procesja b\u0119d\u0105 w Sanktuarium \u015aw. Maksymiliana o 17.30.<\/li>\n<li>W <strong>I pi\u0105tek miesi\u0105ca<\/strong> spowied\u017a dla dzieci o godz. 16.30 a o 17.00 Msza \u015bw. Tego dnia udamy si\u0119 z pos\u0142ug\u0105 do chorych naszej parafii.<\/li>\n<li>Zapraszamy do parafialnej kawiarenki \u201e<strong>Zau\u0142ek Anio\u0142\u00f3w<\/strong>\u201d, kt\u00f3ra wznowi\u0142a swoj\u0105 dzia\u0142alno\u015b\u0107. B\u0119dzie ona czynna <strong>w ka\u017cdy weekend od 11.00 do 21.00<\/strong>.<\/li>\n<li>Zach\u0119camy dzieci do lektury czasopisma \u201e<strong>Rycerzyk Niepokalanej<\/strong>\u201d. W numerze czerwcowym ciekawe opowiadania m.in. opowiadanie o \u015bw. Maksymilianie w 80. rocznic\u0119 jego \u015bmierci. Ponadto k\u0105cik ministranta, j\u0119zyk w\u0142oski z Rycerzykiem oraz wiele innych ciekawych opowiada\u0144 i niespodzianek.<\/li>\n<\/ol>\n","protected":false},"excerpt":{"rendered":"<p>Dzisiejsza niedziela jest uroczysto\u015bci\u0105 Naj\u015bwi\u0119tszej Tr\u00f3jcy i tym samym ko\u0144czy si\u0119 okres Komunii \u015bw. wielkanocnej. Dzisiaj zapraszamy na Msz\u0119 \u015bw. i modlitw\u0119 o uzdrowienie przed Naj\u015bwi\u0119tszym Sakramentem o godz. 19.00. [&hellip;]<\/p>\n","protected":false},"author":2,"featured_media":15200,"comment_status":"closed","ping_status":"open","sticky":false,"template":"","format":"standard","meta":{"footnotes":""},"categories":[1],"tags":[],"class_list":["post-15199","post","type-post","status-publish","format-standard","has-post-thumbnail","hentry","category-bez-kategorii"],"_links":{"self":[{"href":"https:\/\/parafia.niepokalanow.pl\/index.php?rest_route=\/wp\/v2\/posts\/15199","targetHints":{"allow":["GET"]}}],"collection":[{"href":"https:\/\/parafia.niepokalanow.pl\/index.php?rest_route=\/wp\/v2\/posts"}],"about":[{"href":"https:\/\/parafia.niepokalanow.pl\/index.php?rest_route=\/wp\/v2\/types\/post"}],"author":[{"embeddable":true,"href":"https:\/\/parafia.niepokalanow.pl\/index.php?rest_route=\/wp\/v2\/users\/2"}],"replies":[{"embeddable":true,"href":"https:\/\/parafia.niepokalanow.pl\/index.php?rest_route=%2Fwp%2Fv2%2Fcomments&post=15199"}],"version-history":[{"count":0,"href":"https:\/\/parafia.niepokalanow.pl\/index.php?rest_route=\/wp\/v2\/posts\/15199\/revisions"}],"wp:featuredmedia":[{"embeddable":true,"href":"https:\/\/parafia.niepokalanow.pl\/index.php?rest_route=\/wp\/v2\/media\/15200"}],"wp:attachment":[{"href":"https:\/\/parafia.niepokalanow.pl\/index.php?rest_route=%2Fwp%2Fv2%2Fmedia&parent=15199"}],"wp:term":[{"taxonomy":"category","embeddable":true,"href":"https:\/\/parafia.niepokalanow.pl\/index.php?rest_route=%2Fwp%2Fv2%2Fcategories&post=15199"},{"taxonomy":"post_tag","embeddable":true,"href":"https:\/\/parafia.niepokalanow.pl\/index.php?rest_route=%2Fwp%2Fv2%2Ftags&post=15199"}],"curies":[{"name":"wp","href":"https:\/\/api.w.org\/{rel}","templated":true}]}}