{"id":15189,"date":"2021-05-21T19:56:00","date_gmt":"2021-05-21T17:56:00","guid":{"rendered":"http:\/\/parafia.niepokalanow.pl\/?p=15189"},"modified":"2021-05-21T19:56:00","modified_gmt":"2021-05-21T17:56:00","slug":"niedziela-zeslania-ducha-swietego-23-05-2021","status":"publish","type":"post","link":"https:\/\/parafia.niepokalanow.pl\/?p=15189","title":{"rendered":"NIEDZIELA ZES\u0141ANIA DUCHA \u015aWI\u0118TEGO 23.05.2021"},"content":{"rendered":"<ol>\n<li>D<strong>zisiaj<\/strong> w <strong>Uroczysto\u015b\u0107 Zes\u0142ania Ducha \u015awi\u0119tego<\/strong> ko\u0144czy si\u0119 okres Wielkanocny. Za pobo\u017cne i publiczne odm\u00f3wienie hymnu \u201e<em>O, Stworzycielu Duchu, przyjd\u017a<\/em>\u201d mo\u017cna spe\u0142niaj\u0105c zwyczajne warunki uzyska\u0107 <strong>odpust zupe\u0142ny<\/strong>.<\/li>\n<li>Jutro obchodzimy \u015bwi\u0119to <strong>NMP Matki Ko\u015bcio\u0142a<\/strong>, w \u015brod\u0119 \u2013 <strong>Dzie\u0144 Matki<\/strong> a w czwartek \u2013 \u015bwi\u0119to <strong>Jezusa Chrystusa Najwy\u017cszego i Wiecznego Kap\u0142ana<\/strong>.<\/li>\n<li>W <strong>przysz\u0142\u0105 Niedziel\u0119<\/strong> <strong>Tr\u00f3jcy \u015awi\u0119tej<\/strong> zapraszamy na <strong>Msz\u0119 \u015bw. i modlitw\u0119 o uzdrowienie<\/strong> przed Naj\u015bwi\u0119tszym Sakramentem o godz. 19.00.<\/li>\n<li>W <strong>Uroczysto\u015b\u0107 Bo\u017cego Cia\u0142a<\/strong> 3 czerwca odb\u0119dzie si\u0119 tradycyjna procesja eucharystyczna ulicami parafii. Trasa procesji b\u0119dzie nast\u0119puj\u0105ca: ulic\u0105<br \/>\nM. Kolbego przez tory, nast\u0119pnie ulicami Warszawsk\u0105, D\u0142ug\u0105, Rynkow\u0105, Szymanowsk\u0105 przez tory i o. M. Kolbego do o\u0142tarza polowego za Bazylik\u0105. O\u0142tarze b\u0119d\u0105 przygotowywa\u0142y nast\u0119puj\u0105ce wsp\u00f3lnoty: <strong>I:<\/strong> \u017bywy R\u00f3\u017caniec, Rycerstwo Niepokalanej i Ministranci starsi, <strong>II:<\/strong> Odnowa w Duchu \u015awi\u0119tym, <strong>III:<\/strong> Ko\u0142o Przyjaci\u00f3\u0142 Radia Maryja i Duszpasterstwo Ma\u0142\u017ce\u0144stw, <strong>IV:<\/strong> Klasztor.<\/li>\n<li>W niedziel\u0119 <strong>20 czerwca<\/strong> organizowana jest <strong>pielgrzymka parafialna<\/strong> do <strong>Gietrzwa\u0142du, \u015awi\u0119tej Lipki i Stoczka Warmi\u0144skiego<\/strong>. Koszt pielgrzymki wraz z obiadem: 110 z\u0142. Szczeg\u00f3\u0142owe informacje udzielane s\u0105 w zakrystii.<\/li>\n<li>K<strong>o\u0142o Przyjaci\u00f3\u0142 Radia Maryja<\/strong> zaprasza na <strong>pielgrzymk\u0119 <\/strong>samolotow\u0105<strong> do Medjugorie<\/strong> na 40. rocznic\u0119 objawie\u0144 w dniach 20-27 czerwca. Koszt: 1870 z\u0142 i 80 euro. Pozosta\u0142o 5 miejsc wolnych. Szczeg\u00f3\u0142owe informacje na tablicy przy Bazylice i przed Bazylik\u0105.<\/li>\n<li>W tym tygodniu z naszej wsp\u00f3lnoty parafialnej odesz\u0142a do wieczno\u015bci: \u015bp. Anna Zych, l. 62 z Teresina Gaju. <em>Wieczny odpoczynek racz jej da\u0107 Panie\u2026<\/em><\/li>\n<\/ol>\n","protected":false},"excerpt":{"rendered":"<p>Dzisiaj w Uroczysto\u015b\u0107 Zes\u0142ania Ducha \u015awi\u0119tego ko\u0144czy si\u0119 okres Wielkanocny. Za pobo\u017cne i publiczne odm\u00f3wienie hymnu \u201eO, Stworzycielu Duchu, przyjd\u017a\u201d mo\u017cna spe\u0142niaj\u0105c zwyczajne warunki uzyska\u0107 odpust zupe\u0142ny. Jutro obchodzimy \u015bwi\u0119to [&hellip;]<\/p>\n","protected":false},"author":2,"featured_media":15190,"comment_status":"closed","ping_status":"open","sticky":false,"template":"","format":"standard","meta":{"footnotes":""},"categories":[1],"tags":[],"class_list":["post-15189","post","type-post","status-publish","format-standard","has-post-thumbnail","hentry","category-bez-kategorii"],"_links":{"self":[{"href":"https:\/\/parafia.niepokalanow.pl\/index.php?rest_route=\/wp\/v2\/posts\/15189","targetHints":{"allow":["GET"]}}],"collection":[{"href":"https:\/\/parafia.niepokalanow.pl\/index.php?rest_route=\/wp\/v2\/posts"}],"about":[{"href":"https:\/\/parafia.niepokalanow.pl\/index.php?rest_route=\/wp\/v2\/types\/post"}],"author":[{"embeddable":true,"href":"https:\/\/parafia.niepokalanow.pl\/index.php?rest_route=\/wp\/v2\/users\/2"}],"replies":[{"embeddable":true,"href":"https:\/\/parafia.niepokalanow.pl\/index.php?rest_route=%2Fwp%2Fv2%2Fcomments&post=15189"}],"version-history":[{"count":0,"href":"https:\/\/parafia.niepokalanow.pl\/index.php?rest_route=\/wp\/v2\/posts\/15189\/revisions"}],"wp:featuredmedia":[{"embeddable":true,"href":"https:\/\/parafia.niepokalanow.pl\/index.php?rest_route=\/wp\/v2\/media\/15190"}],"wp:attachment":[{"href":"https:\/\/parafia.niepokalanow.pl\/index.php?rest_route=%2Fwp%2Fv2%2Fmedia&parent=15189"}],"wp:term":[{"taxonomy":"category","embeddable":true,"href":"https:\/\/parafia.niepokalanow.pl\/index.php?rest_route=%2Fwp%2Fv2%2Fcategories&post=15189"},{"taxonomy":"post_tag","embeddable":true,"href":"https:\/\/parafia.niepokalanow.pl\/index.php?rest_route=%2Fwp%2Fv2%2Ftags&post=15189"}],"curies":[{"name":"wp","href":"https:\/\/api.w.org\/{rel}","templated":true}]}}