{"id":15173,"date":"2021-05-17T10:33:10","date_gmt":"2021-05-17T08:33:10","guid":{"rendered":"http:\/\/parafia.niepokalanow.pl\/?p=15173"},"modified":"2021-05-17T10:33:10","modified_gmt":"2021-05-17T08:33:10","slug":"uroczystosc-wniebowstapienia-panskiego-16-05-2021","status":"publish","type":"post","link":"https:\/\/parafia.niepokalanow.pl\/?p=15173","title":{"rendered":"UROCZYSTO\u015a\u0106 WNIEBOWST\u0104PIENIA PA\u0143SKIEGO 16.05.2021"},"content":{"rendered":"<ol>\n<li>Od zesz\u0142ego pi\u0105tku trwamy w nowennie i przygotowujemy si\u0119 na przyj\u0119cie Ducha \u015awi\u0119tego Pocieszyciela. <strong>W sobot\u0119 wieczorem w Wigili\u0119 Zes\u0142ania Ducha \u015awi\u0119tego zapraszamy na czuwanie modlitewne<\/strong>. Rozpoczniemy je o godz. 21.00. W ramach czuwania modlitwa, konferencja i uwielbienie przed Naj\u015bwi\u0119tszym Sakramentem. Zako\u0144czymy je wigilijn\u0105 Msz\u0105 \u015bw. o godz. 23.00, na zako\u0144czenie kt\u00f3rej kap\u0142ani udziel\u0105 indywidualnego b\u0142ogos\u0142awie\u0144stwa z modlitw\u0105.<\/li>\n<li>O<strong>d pi\u0105tku do niedzieli<\/strong> w naszym Sanktuarium odb\u0119dzie si\u0119 <strong>Spotkanie Skaut\u00f3w Europy<\/strong>. W pi\u0105tek o godz. 19.15 w Bazylice odb\u0119dzie si\u0119 koncert w wykonaniu <em>M\u0119skiego Skautowego Zespo\u0142u Wokalnego<\/em>. W ramach koncertu Zesp\u00f3\u0142 zaprezentuje wielog\u0142osowy repertuar wokalny utwor\u00f3w religijnych. W sobot\u0119 o godz. 9.00 w Bazylice Mszy \u015bw. b\u0119dzie przewodniczy\u0142 J.E. Bp J\u00f3zef Guzdek, Biskup Polowy Wojska Polskiego.<\/li>\n<li>W <strong>przysz\u0142\u0105<\/strong> <strong>sobot\u0119<\/strong> w Bazylice <strong>o godz. 18.00<\/strong> b\u0119dzie sprawowana Msza \u015awi\u0119ta \u015blubna, w zwi\u0105zku z tym zapraszamy osoby chc\u0105ce uczestniczy\u0107 w <strong>Mszy \u015awi\u0119tej parafialnej<\/strong> na godzin\u0119 18.00 <strong>do Kaplicy Sanktuarium \u015aw. Maksymiliana<\/strong>. <strong>Nabo\u017ce\u0144stwo Majowe<\/strong> zostanie <strong>w\u00f3wczas<\/strong> odprawione <strong>w Kaplicy o godz. 17.30<\/strong>.<\/li>\n<li>R\u00f3wnie\u017c w sobot\u0119 <strong>o godz. 8.00<\/strong> b\u0119dzie sprawowana <strong>Msza \u015bwi\u0119ta<\/strong> w kaplicy \u015bw. Maksymiliana <strong>w intencji Radia Maryja<\/strong>, TV Trwam i naszej Ojczyzny.<\/li>\n<li>W przysz\u0142\u0105 <strong>niedziel\u0119<\/strong> Zes\u0142ania Ducha \u015awi\u0119tego podczas Mszy \u015awi\u0119tej <strong>o godz. 10.00<\/strong> odb\u0119dzie si\u0119 uroczysto\u015b\u0107 <strong>Rocznicy Komunii \u015awi\u0119tej<\/strong> dzieci z naszej parafii. W zwi\u0105zku z tym <strong>w Kaplicy Sanktuarium \u015aw. Maksymiliana<\/strong> b\u0119dzie sprawowana <strong>dodatkowa Msza \u015awi\u0119ta o godz. 10.00 <\/strong>dla os\u00f3b, kt\u00f3re nie s\u0105 zwi\u0105zane z uroczysto\u015bciami rocznicowymi oraz dla os\u00f3b, kt\u00f3re zam\u00f3wi\u0142y intencje mszalne na t\u0119 godzin\u0119.<\/li>\n<li>K<strong>o\u0142o Przyjaci\u00f3\u0142 Radia Maryja<\/strong> zaprasza na <strong>pielgrzymk\u0119 na Podlasie<\/strong> w dniach <strong>4-6 czerwca 2021<\/strong>. W programie: Prosty\u0144, Zuzela, August\u00f3w, Suchowola, Sok\u00f3\u0142ka i \u015awi\u0119ta Woda. Koszt 450 z\u0142. Szczeg\u00f3\u0142y programu na tablicy przy Bazylice i na tablicy przed Bazylik\u0105.<\/li>\n<li>W tym tygodniu z naszej wsp\u00f3lnoty parafialnej odesz\u0142a do wieczno\u015bci: \u015bp. Teresa Kubik, l. 89 z Teresina. <em>Wieczny odpoczynek racz jej da\u0107 Panie\u2026<\/em><\/li>\n<\/ol>\n","protected":false},"excerpt":{"rendered":"<p>Od zesz\u0142ego pi\u0105tku trwamy w nowennie i przygotowujemy si\u0119 na przyj\u0119cie Ducha \u015awi\u0119tego Pocieszyciela. W sobot\u0119 wieczorem w Wigili\u0119 Zes\u0142ania Ducha \u015awi\u0119tego zapraszamy na czuwanie modlitewne. Rozpoczniemy je o godz. [&hellip;]<\/p>\n","protected":false},"author":2,"featured_media":15174,"comment_status":"closed","ping_status":"open","sticky":false,"template":"","format":"standard","meta":{"footnotes":""},"categories":[1],"tags":[],"class_list":["post-15173","post","type-post","status-publish","format-standard","has-post-thumbnail","hentry","category-bez-kategorii"],"_links":{"self":[{"href":"https:\/\/parafia.niepokalanow.pl\/index.php?rest_route=\/wp\/v2\/posts\/15173","targetHints":{"allow":["GET"]}}],"collection":[{"href":"https:\/\/parafia.niepokalanow.pl\/index.php?rest_route=\/wp\/v2\/posts"}],"about":[{"href":"https:\/\/parafia.niepokalanow.pl\/index.php?rest_route=\/wp\/v2\/types\/post"}],"author":[{"embeddable":true,"href":"https:\/\/parafia.niepokalanow.pl\/index.php?rest_route=\/wp\/v2\/users\/2"}],"replies":[{"embeddable":true,"href":"https:\/\/parafia.niepokalanow.pl\/index.php?rest_route=%2Fwp%2Fv2%2Fcomments&post=15173"}],"version-history":[{"count":0,"href":"https:\/\/parafia.niepokalanow.pl\/index.php?rest_route=\/wp\/v2\/posts\/15173\/revisions"}],"wp:featuredmedia":[{"embeddable":true,"href":"https:\/\/parafia.niepokalanow.pl\/index.php?rest_route=\/wp\/v2\/media\/15174"}],"wp:attachment":[{"href":"https:\/\/parafia.niepokalanow.pl\/index.php?rest_route=%2Fwp%2Fv2%2Fmedia&parent=15173"}],"wp:term":[{"taxonomy":"category","embeddable":true,"href":"https:\/\/parafia.niepokalanow.pl\/index.php?rest_route=%2Fwp%2Fv2%2Fcategories&post=15173"},{"taxonomy":"post_tag","embeddable":true,"href":"https:\/\/parafia.niepokalanow.pl\/index.php?rest_route=%2Fwp%2Fv2%2Ftags&post=15173"}],"curies":[{"name":"wp","href":"https:\/\/api.w.org\/{rel}","templated":true}]}}