{"id":15155,"date":"2021-05-07T08:34:30","date_gmt":"2021-05-07T06:34:30","guid":{"rendered":"http:\/\/parafia.niepokalanow.pl\/?p=15155"},"modified":"2021-05-07T08:55:27","modified_gmt":"2021-05-07T06:55:27","slug":"vi-niedziela-wielkanocy-9-05-2021","status":"publish","type":"post","link":"https:\/\/parafia.niepokalanow.pl\/?p=15155","title":{"rendered":"VI NIEDZIELA WIELKANOCY 9.05.2021"},"content":{"rendered":"<ol>\n<li>\n<ol>\n<li>N<strong>abo\u017ce\u0144stwa Majowe<\/strong> w Bazylice odprawiane s\u0105 w niedziele o godz. 17.00,<br \/>\nw dni powszednie po Mszy \u015bwi\u0119tej wieczornej ok. godz. 18.30.<\/li>\n<li>W czwartek <strong>13 maja<\/strong> obchodzimy wspomnienie <strong>Naj\u015bwi\u0119tszej Maryi Panny z Fatimy<\/strong>. Tego dnia zapraszamy na uroczyst\u0105 Msz\u0119 \u015awi\u0119t\u0105 do kaplicy pod wezwaniem NMP z Fatimy <strong>w Niepokalanowie \u2013 Lasku o godz. 18.00<\/strong>. Wcze\u015bniej o godz. 17.30 odb\u0119dzie si\u0119 nabo\u017ce\u0144stwo z r\u00f3\u017ca\u0144cem fatimskim i litani\u0105 loreta\u0144sk\u0105.<\/li>\n<li>W pi\u0105tek rozpoczynamy <strong>Nowenn\u0119 do Ducha \u015awi\u0119tego<\/strong>.<\/li>\n<li>Zapraszamy w sobot\u0119 na <strong>spotkanie kobiet z cyklu \u201e\u015awi\u0119to\u015b\u0107 w zwyczajno\u015bci\u201d<\/strong>. Rozpocz\u0119cie Msz\u0105 \u015bw. o godz. 11.00, po niej r\u00f3\u017caniec w intencji kobiet. O 13.00 konferencja o modlitwie oraz modlitwa o uzdrowienie i uwolnienie ze zniewole\u0144 w sali \u015bw. Bonawentury. Zako\u0144czenie koronk\u0105 do Bo\u017cego Mi\u0142osierdzia o 15.00. Szczeg\u00f3\u0142y na Facebook-u: \u015bwi\u0119to\u015b\u0107 w zwyczajno\u015bci.<\/li>\n<li>W przysz\u0142\u0105 niedziel\u0119 w Uroczysto\u015b\u0107 Wniebowst\u0105pienia Pa\u0144skiego dwie grupy dzieci klas trzecich podczas Mszy \u015bw. <strong>o godz. 10.00 i 11.30 <\/strong>b\u0119d\u0105 prze\u017cywa\u0107 <strong>uroczysto\u015b\u0107 Pierwszej Komunii \u015awi\u0119tej<\/strong>. Spowied\u017a \u015bwi\u0119ta dzieci i rodzic\u00f3w w sobot\u0119 o godz. 14.00. W zwi\u0105zku z tym <strong>w Kaplicy Sanktuarium \u015aw. Maksymiliana<\/strong> b\u0119d\u0105 sprawowane <strong>dodatkowe Msze \u015awi\u0119te o godz. 10.00 i 11.30<\/strong> dla os\u00f3b, kt\u00f3re nie s\u0105 zwi\u0105zane z uroczysto\u015bciami pierwszokomunijnymi oraz dla os\u00f3b, kt\u00f3re zam\u00f3wi\u0142y intencje mszalne na te godziny.<\/li>\n<li>K<strong>o\u0142o Przyjaci\u00f3\u0142 Radia Maryja<\/strong> zaprasza na <strong>pielgrzymk\u0119 na Podlasie<\/strong> w dniach <strong>4-6 czerwca 2021<\/strong>. W programie: Prosty\u0144, Zuzela, August\u00f3w, Suchowola, Sok\u00f3\u0142ka i \u015awi\u0119ta Woda. Koszt 450 z\u0142. Szczeg\u00f3\u0142y programu na tablicy przy Bazylice i na tablicy przed Bazylik\u0105.<\/li>\n<li>Zach\u0119camy do lektury <strong>listu<\/strong> naszego arcybiskupa <strong> Kard. Kazimierza Nycza<\/strong>. Przybli\u017ca w nim postacie Czcigodnych S\u0142ug Bo\u017cych: Kard. Stefana Wyszy\u0144skiego i Matki El\u017cbiety R\u00f3\u017cy Czackiej, kt\u00f3rych beatyfikacja odb\u0119dzie si\u0119 12 wrze\u015bnia br. W li\u015bcie podejmuje r\u00f3wnie\u017c temat pandemii i bie\u017c\u0105cych spraw archidiecezji. List jest dost\u0119pny na stronie internetowej naszej parafii.<\/li>\n<li>Dzisiaj przed Bazylik\u0105 Fundacja \u017bycie i Rodzina przeprowadza <strong>zbi\u00f3rk\u0119 podpis\u00f3w<\/strong> pod obywatelskim projektem ustawy <strong>StopLGBT<\/strong>.<\/li>\n<\/ol>\n<\/li>\n<\/ol>\n","protected":false},"excerpt":{"rendered":"<p>Nabo\u017ce\u0144stwa Majowe w Bazylice odprawiane s\u0105 w niedziele o godz. 17.00, w dni powszednie po Mszy \u015bwi\u0119tej wieczornej ok. godz. 18.30. W czwartek 13 maja obchodzimy wspomnienie Naj\u015bwi\u0119tszej Maryi Panny [&hellip;]<\/p>\n","protected":false},"author":2,"featured_media":15156,"comment_status":"closed","ping_status":"open","sticky":false,"template":"","format":"standard","meta":{"footnotes":""},"categories":[1],"tags":[],"class_list":["post-15155","post","type-post","status-publish","format-standard","has-post-thumbnail","hentry","category-bez-kategorii"],"_links":{"self":[{"href":"https:\/\/parafia.niepokalanow.pl\/index.php?rest_route=\/wp\/v2\/posts\/15155","targetHints":{"allow":["GET"]}}],"collection":[{"href":"https:\/\/parafia.niepokalanow.pl\/index.php?rest_route=\/wp\/v2\/posts"}],"about":[{"href":"https:\/\/parafia.niepokalanow.pl\/index.php?rest_route=\/wp\/v2\/types\/post"}],"author":[{"embeddable":true,"href":"https:\/\/parafia.niepokalanow.pl\/index.php?rest_route=\/wp\/v2\/users\/2"}],"replies":[{"embeddable":true,"href":"https:\/\/parafia.niepokalanow.pl\/index.php?rest_route=%2Fwp%2Fv2%2Fcomments&post=15155"}],"version-history":[{"count":0,"href":"https:\/\/parafia.niepokalanow.pl\/index.php?rest_route=\/wp\/v2\/posts\/15155\/revisions"}],"wp:featuredmedia":[{"embeddable":true,"href":"https:\/\/parafia.niepokalanow.pl\/index.php?rest_route=\/wp\/v2\/media\/15156"}],"wp:attachment":[{"href":"https:\/\/parafia.niepokalanow.pl\/index.php?rest_route=%2Fwp%2Fv2%2Fmedia&parent=15155"}],"wp:term":[{"taxonomy":"category","embeddable":true,"href":"https:\/\/parafia.niepokalanow.pl\/index.php?rest_route=%2Fwp%2Fv2%2Fcategories&post=15155"},{"taxonomy":"post_tag","embeddable":true,"href":"https:\/\/parafia.niepokalanow.pl\/index.php?rest_route=%2Fwp%2Fv2%2Ftags&post=15155"}],"curies":[{"name":"wp","href":"https:\/\/api.w.org\/{rel}","templated":true}]}}