{"id":14605,"date":"2020-10-24T14:09:43","date_gmt":"2020-10-24T12:09:43","guid":{"rendered":"http:\/\/parafia.niepokalanow.pl\/?p=14605"},"modified":"2020-10-25T08:41:29","modified_gmt":"2020-10-25T07:41:29","slug":"xxx-niedziela-zwykla-25-10-2020","status":"publish","type":"post","link":"https:\/\/parafia.niepokalanow.pl\/?p=14605","title":{"rendered":"XXX NIEDZIELA ZWYK\u0141A 25.10.2020"},"content":{"rendered":"<p>1. Ze wzgl\u0119du na pozytywny wynik dw\u00f3ch naszych Braci na Covid &#8211; 19, od 19 do 28 pa\u017adziernika nasza wsp\u00f3lnota jest na kwarantannie. Kwarantann\u0105 jest obj\u0119ty tylko teren naszego zamieszkania. Bazylika, Kaplica \u015bw. Maksymiliana, Muzeum, Dom Rekolekcyjny i Wydawnictwo s\u0105 dost\u0119pne dla wiernych. Msze \u015bwi\u0119te sprawuj\u0105 ojcowie spoza naszej wsp\u00f3lnoty a Muzeum, Kaplic\u0119 \u015bw. Maksymiliana i Wydawnictwo obs\u0142uguj\u0105 siostry zakonne i osoby \u015bwieckie. Do spowiedzi mo\u017cemy przyst\u0105pi\u0107 jedynie na pocz\u0105tku Mszy \u015bw. Intencje przyjmujemy przy g\u0142\u00f3wnej Furcie.<br \/>\nDzi\u0119kujemy za wszelkie gesty \u017cyczliwo\u015bci, modlitw\u0119 i ofiary. Rozpocz\u0119li\u015bmy remont schod\u00f3w do g\u0142\u00f3wnego wej\u015bcia do Bazyliki. B\u0119dziemy wdzi\u0119czni za ka\u017cd\u0105 ofiar\u0119 na ten cel. Najlepiej j\u0105 z\u0142o\u017cy\u0107 poprzez konto bankowe.<br \/>\nWspierajmy si\u0119 wzajemnie w tym trudnym dla nas wszystkich czasie. Niech B\u00f3g za wstawiennictwem Niepokalanej i \u015bw. Maksymiliana chroni\u0105 od z\u0142a i wszelkich nieszcz\u0119\u015b\u0107.<br \/>\n2. Dzi\u015b podczas Mszy \u015bw. o godz. 18.00 nie b\u0119dzie nabo\u017ce\u0144stwie o uzdrowienie. Zapraszamy na wsp\u00f3ln\u0105 modlitw\u0119 za miesi\u0105c.<br \/>\n3. Nabo\u017ce\u0144stwa r\u00f3\u017ca\u0144cowe sprawowane s\u0105 codziennie dla dzieci i m\u0142odzie\u017cy o godz. 17.00, dla doros\u0142ych po Mszy \u015bw. wieczornej.<br \/>\n4. W uroczysto\u015b\u0107 Wszystkich \u015awi\u0119tych, kt\u00f3ra wypada w tym roku w niedziel\u0119, Msza \u015bw. o godz. 13.00 b\u0119dzie sprawowana w bazylice. Nie b\u0119dzie Mszy na cmentarzu.<br \/>\n5. Przypominamy o modlitwie za zmar\u0142ych. B\u0119dziemy poleca\u0107 ich Mi\u0142osierdziu Bo\u017cemu podczas nabo\u017ce\u0144stwa wspominkowego przez ca\u0142y miesi\u0105c w dni powszednie o godz. 17.30. Kartki z imionami zmar\u0142ych przyjmujemy w zakrystii, przy furcie klasztornej b\u0105d\u017a telefonicznie w kancelarii. Prosimy o wyra\u017ane, czytelne wypisywanie imion zmar\u0142ych oraz podawanie miejscowo\u015bci zamieszkania rodziny, kt\u00f3ra poleca ich modlitwie Ko\u015bcio\u0142a.<br \/>\n6. Przypominamy, \u017ce w dniach od 1 do 8 listopada mo\u017cna zyska\u0107 odpust zupe\u0142ny nawiedzaj\u0105c cmentarz, odmawiaj\u0105c modlitw\u0119 i b\u0119d\u0105c w stanie \u0142aski u\u015bwi\u0119caj\u0105cej.<br \/>\n7. W tym tygodniu z naszej wsp\u00f3lnoty parafialnej odesz\u0142y do wieczno\u015bci: \u015bp. Zofia Ostrowska, l. 73 z Topo\u0142owej i \u015bp. Maria Misiak l. 84 z Topo\u0142owej: Wieczny odpoczynek racz im da\u0107 Panie\u2026<\/p>\n","protected":false},"excerpt":{"rendered":"<p>1. Ze wzgl\u0119du na pozytywny wynik dw\u00f3ch naszych Braci na Covid &#8211; 19, od 19 do 28 pa\u017adziernika nasza wsp\u00f3lnota jest na kwarantannie. Kwarantann\u0105 jest obj\u0119ty tylko teren naszego zamieszkania. [&hellip;]<\/p>\n","protected":false},"author":2,"featured_media":14606,"comment_status":"closed","ping_status":"open","sticky":false,"template":"","format":"standard","meta":{"footnotes":""},"categories":[1],"tags":[],"class_list":["post-14605","post","type-post","status-publish","format-standard","has-post-thumbnail","hentry","category-bez-kategorii"],"_links":{"self":[{"href":"https:\/\/parafia.niepokalanow.pl\/index.php?rest_route=\/wp\/v2\/posts\/14605","targetHints":{"allow":["GET"]}}],"collection":[{"href":"https:\/\/parafia.niepokalanow.pl\/index.php?rest_route=\/wp\/v2\/posts"}],"about":[{"href":"https:\/\/parafia.niepokalanow.pl\/index.php?rest_route=\/wp\/v2\/types\/post"}],"author":[{"embeddable":true,"href":"https:\/\/parafia.niepokalanow.pl\/index.php?rest_route=\/wp\/v2\/users\/2"}],"replies":[{"embeddable":true,"href":"https:\/\/parafia.niepokalanow.pl\/index.php?rest_route=%2Fwp%2Fv2%2Fcomments&post=14605"}],"version-history":[{"count":0,"href":"https:\/\/parafia.niepokalanow.pl\/index.php?rest_route=\/wp\/v2\/posts\/14605\/revisions"}],"wp:featuredmedia":[{"embeddable":true,"href":"https:\/\/parafia.niepokalanow.pl\/index.php?rest_route=\/wp\/v2\/media\/14606"}],"wp:attachment":[{"href":"https:\/\/parafia.niepokalanow.pl\/index.php?rest_route=%2Fwp%2Fv2%2Fmedia&parent=14605"}],"wp:term":[{"taxonomy":"category","embeddable":true,"href":"https:\/\/parafia.niepokalanow.pl\/index.php?rest_route=%2Fwp%2Fv2%2Fcategories&post=14605"},{"taxonomy":"post_tag","embeddable":true,"href":"https:\/\/parafia.niepokalanow.pl\/index.php?rest_route=%2Fwp%2Fv2%2Ftags&post=14605"}],"curies":[{"name":"wp","href":"https:\/\/api.w.org\/{rel}","templated":true}]}}