{"id":12964,"date":"2019-10-27T15:59:17","date_gmt":"2019-10-27T14:59:17","guid":{"rendered":"http:\/\/parafia.niepokalanow.pl\/?p=12964"},"modified":"2019-10-27T15:59:17","modified_gmt":"2019-10-27T14:59:17","slug":"xxx-niedziela-w-ciagu-roku-27-10-2019","status":"publish","type":"post","link":"https:\/\/parafia.niepokalanow.pl\/?p=12964","title":{"rendered":"XXX Niedziela w ci\u0105gu roku &#8211; 27.10.2019"},"content":{"rendered":"<ol>\n<li>W tym tygodniu w liturgii Ko\u015bcio\u0142a b\u0119dziemy obchodzi\u0107:<\/li>\n<\/ol>\n<ul>\n<li>28 pa\u017adziernika w poniedzia\u0142ek: \u015awi\u0119to \u015bwi\u0119tych Aposto\u0142\u00f3w Szymona i Judy Tadeusza;<\/li>\n<li>1 listopada w pi\u0105tek : Uroczysto\u015b\u0107 Wszystkich \u015awi\u0119tych;<\/li>\n<li>2 listopada w sobot\u0119: Wspomnienie Wszystkich Wiernych Zmar\u0142ych;<\/li>\n<\/ul>\n<p><!--more--><\/p>\n<ol start=\"2\">\n<li>Dzi\u015b podczas Mszy \u015bw. o godz. 18.00 i na nabo\u017ce\u0144stwie po Mszy \u015bwi\u0119tej modli\u0107 si\u0119 b\u0119dziemy o \u0142ask\u0119 uzdro\u00adwienia duszy i cia\u0142a. Zapraszamy na\u00a0wsp\u00f3ln\u0105 modlitw\u0119.<\/li>\n<li>W poniedzia\u0142ek, po r\u00f3\u017ca\u0144cu dla dzieci, zapraszamy dzieci na \u201eBal Wszystkich \u015awi\u0119tych\u201d do domu parafialnego o godz. 17.30. Zapewniamy dobr\u0105 zabaw\u0119, konkursy z nagrodami<br \/>\ni wiele innych atrakcji. Zach\u0119camy do przebrania si\u0119 za \u015bwi\u0119tego.<\/li>\n<li>W czwartek, w przededniu uroczysto\u015bci Wszystkich \u015awi\u0119tych, po Mszy \u015bwi\u0119tej wieczornej zapraszamy na R\u00f3\u017caniec ze \u015bwi\u0119tymi i nabo\u017ce\u0144stwo z relikwiami naszych Patron\u00f3w. Pragniemy w ten spos\u00f3b rozpali\u0107 w nas t\u0119sknot\u0119 za Niebem, \u015bwi\u0119to\u015bci\u0105 i Bogiem. Tego dnia nie b\u0119dzie r\u00f3\u017ca\u0144ca dla dzieci o godz. 17.00.<\/li>\n<li>W uroczysto\u015b\u0107 Wszystkich \u015awi\u0119tych porz\u0105dek Mszy \u015bw. niedzielny z wyj\u0105tkiem Mszy \u015bw.<br \/>\no godz. 13.00, kt\u00f3rej nie b\u0119dzie w bazylice, natomiast b\u0119dzie ona <u>sprawowana o godz. 13.00 na cmentarzu parafialnym<\/u>, a po niej procesja. Przypominamy wiernym, \u017ce w\u00a0uroczysto\u015b\u0107 Wszystkich \u015awi\u0119tych obowi\u0105zuje udzia\u0142 we Mszy \u015bwi\u0119tej. Tego dnia przypada r\u00f3wnie\u017c I pi\u0105tek. Z pos\u0142ug\u0105 do chorych naszej parafii udamy si\u0119 za tydzie\u0144 8 listopada.<\/li>\n<li>W sobot\u0119, 2 listopada, Wspomnienie Wszystkich Wiernych Zmar\u0142ych, czyli Dzie\u0144 Zaduszny. W\u00a0tym dniu po Mszy \u015bw. o godz. 8.00 wyruszy procesja na cmentarz klasztorny, gdzie odprawimy modlitwy za zmar\u0142ych ojc\u00f3w i braci tam spoczywaj\u0105cych. Natomiast na\u00a0cmentarzu parafialnym w tym dniu zostanie odprawiona dodatkowa Msza \u015bw. o\u00a0godz. 17.00, przed ni\u0105 b\u0119d\u0105 odczytane wypominki, a po niej procesja \u017ca\u0142obna. Prosimy o zabranie ze sob\u0105 lampion\u00f3w i zniczy.<\/li>\n<li>Tak\u017ce w sobot\u0119 odb\u0119dzie si\u0119 kolejne spotkanie \u201eOddaj si\u0119 Maryi\u201d. O 9.30 konferencja i \u015bwiadectwa, o 11.00 Eucharystia z oddaniem wszelkich spraw Matce Bo\u017cej po\u0142\u0105czone<br \/>\nz nabo\u017ce\u0144stwem wynagradzaj\u0105cym Niepokalanemu Sercu Maryi. Po nabo\u017ce\u0144stwie mo\u017cliwo\u015b\u0107 ciep\u0142ego posi\u0142ku w kwadracie. O 13.40 w sali \u015bw. Bonawentury p. Wies\u0142awa Kowalska wyg\u0142osi konferencj\u0119: <em>Obcowanie \u015bwi\u0119tych<\/em>. Zako\u0144czenie ok. 15.00. Natomiast na godz. 17.00 zapraszamy wszystkich ma\u0142\u017conk\u00f3w na spotkanie duszpasterstwa ma\u0142\u017ce\u0144stw do klasztoru w Niepokalanowie Lasku. Rozpoczniemy je Eucharysti\u0105.<\/li>\n<li>Za zmar\u0142ych polecanych w wypominkach modli\u0107 si\u0119 b\u0119dziemy w dni powszednie przez miesi\u0105c listopad podczas nabo\u017ce\u0144stwa o godz. 17.30 oraz w ich intencji b\u0119dziemy odprawia\u0107 Msze \u015bw. o godz. 18.00. Tradycj\u0105 lat ubieg\u0142ych wypominki b\u0119d\u0105 czytane w\u00a0nast\u0119puj\u0105cym porz\u0105dku: w\u00a0poniedzia\u0142ek i wtorek z Teresina, w \u015brod\u0119 z Paprotni, w\u00a0czwartek z\u00a0Topo\u0142owej, Serok, Ludwikowa, Granic i Kask, w pi\u0105tek z Budek Piaseckich, Starej i\u00a0Nowej Piasecznicy oraz wypominki zamiejscowe.<\/li>\n<li>Przypominamy, \u017ce w dniach od 1 do 8 listopada mo\u017cna zyska\u0107 odpust zupe\u0142ny nawiedzaj\u0105c cmentarz, odmawiaj\u0105c modlitw\u0119 i b\u0119d\u0105c w stanie \u0142aski u\u015bwi\u0119caj\u0105cej.<\/li>\n<li>W przysz\u0142\u0105 niedziel\u0119 3 listopada po Mszy \u015bw. o godz. 10.00 odb\u0119dzie si\u0119 spotkanie Wsp\u00f3lnoty \u017bywego R\u00f3\u017ca\u0144ca w domu parafialnym.<\/li>\n<li>Ko\u0142o Przyjaci\u00f3\u0142 Radia Maryja z racji 28 rocznicy powstania Radia Maryja organizuje pielgrzymk\u0119 do Torunia w dniu 7 grudnia 2019 roku. Szczeg\u00f3\u0142owy program i kontakt do organizatora s\u0105 wywieszone w gablocie.<\/li>\n<li>W tym tygodniu z naszej wsp\u00f3lnoty parafialnej odeszli do wieczno\u015bci: \u015bp. Krzysztof St\u0119pie\u0144, l. 59 z Teresina i \u015bp. Honorata Sosi\u0144ska l. 81 z Teresina: <em>Wieczny odpoczynek racz im da\u0107 Panie\u2026<\/em><\/li>\n<\/ol>\n","protected":false},"excerpt":{"rendered":"<p>W tym tygodniu w liturgii Ko\u015bcio\u0142a b\u0119dziemy obchodzi\u0107: 28 pa\u017adziernika w poniedzia\u0142ek: \u015awi\u0119to \u015bwi\u0119tych Aposto\u0142\u00f3w Szymona i Judy Tadeusza; 1 listopada w pi\u0105tek : Uroczysto\u015b\u0107 Wszystkich \u015awi\u0119tych; 2 listopada w [&hellip;]<\/p>\n","protected":false},"author":1,"featured_media":7133,"comment_status":"closed","ping_status":"open","sticky":false,"template":"","format":"standard","meta":{"footnotes":""},"categories":[1],"tags":[],"class_list":["post-12964","post","type-post","status-publish","format-standard","has-post-thumbnail","hentry","category-bez-kategorii"],"_links":{"self":[{"href":"https:\/\/parafia.niepokalanow.pl\/index.php?rest_route=\/wp\/v2\/posts\/12964","targetHints":{"allow":["GET"]}}],"collection":[{"href":"https:\/\/parafia.niepokalanow.pl\/index.php?rest_route=\/wp\/v2\/posts"}],"about":[{"href":"https:\/\/parafia.niepokalanow.pl\/index.php?rest_route=\/wp\/v2\/types\/post"}],"author":[{"embeddable":true,"href":"https:\/\/parafia.niepokalanow.pl\/index.php?rest_route=\/wp\/v2\/users\/1"}],"replies":[{"embeddable":true,"href":"https:\/\/parafia.niepokalanow.pl\/index.php?rest_route=%2Fwp%2Fv2%2Fcomments&post=12964"}],"version-history":[{"count":0,"href":"https:\/\/parafia.niepokalanow.pl\/index.php?rest_route=\/wp\/v2\/posts\/12964\/revisions"}],"wp:featuredmedia":[{"embeddable":true,"href":"https:\/\/parafia.niepokalanow.pl\/index.php?rest_route=\/wp\/v2\/media\/7133"}],"wp:attachment":[{"href":"https:\/\/parafia.niepokalanow.pl\/index.php?rest_route=%2Fwp%2Fv2%2Fmedia&parent=12964"}],"wp:term":[{"taxonomy":"category","embeddable":true,"href":"https:\/\/parafia.niepokalanow.pl\/index.php?rest_route=%2Fwp%2Fv2%2Fcategories&post=12964"},{"taxonomy":"post_tag","embeddable":true,"href":"https:\/\/parafia.niepokalanow.pl\/index.php?rest_route=%2Fwp%2Fv2%2Ftags&post=12964"}],"curies":[{"name":"wp","href":"https:\/\/api.w.org\/{rel}","templated":true}]}}